{"id":3329,"date":"2022-03-15T23:28:12","date_gmt":"2022-03-15T23:28:12","guid":{"rendered":"http:\/\/lavereda.com.mx\/?p=3329"},"modified":"2022-03-15T23:48:24","modified_gmt":"2022-03-15T23:48:24","slug":"amonite-lanza-dos-novelas-juveniles-con-autoras-laguneras","status":"publish","type":"post","link":"https:\/\/lavereda.com.mx\/index.php\/2022\/03\/15\/amonite-lanza-dos-novelas-juveniles-con-autoras-laguneras\/","title":{"rendered":"Amonite lanza dos novelas juveniles con autoras laguneras"},"content":{"rendered":"\n<ul class=\"wp-block-list\"><li><strong>Los libros son: <em>El milagro y la sonrisa<\/em>&nbsp;de Daniella Giacom\u00e1n Vargas y <em>El vuelo de Elisa<\/em> de Arcelia Ayup.<\/strong><\/li><\/ul>\n\n\n\n<p>La plataforma mexicana Amonite, dedicada a la comunicaci\u00f3n de la cultura y la ciencia, han puesto en circulaci\u00f3n, a trav\u00e9s de su \u00e1rea editorial, dos novelas juveniles para fomentar la empat\u00eda y la inclusi\u00f3n social en ni\u00f1as, ni\u00f1os y adolescentes.&nbsp;<\/p>\n\n\n\n<p>Quitz\u00e9 Fern\u00e1ndez Bonilla, Director de Amonite, explic\u00f3 que si bien han producido m\u00e1s de una veintena de publicaciones para empresas p\u00fablicas, privadas y en coedici\u00f3n, ahora emprenden un camino editorial distinto al que hab\u00edan trazado en sus inicios, sin olvidar sus bases.<\/p>\n\n\n\n<p>\u201cEstamos hablando de dos obras de venta al p\u00fablico, pero no por eso olvidamos nuestra raz\u00f3n de ser, que es el servicio social a la comunidad, por lo que en la compra de un ejemplar, nosotros donaremos otro a escuelas p\u00fablicas, bibliotecas y programas de apropiaci\u00f3n de la lectura a trav\u00e9s de Fundaci\u00f3n Amonite\u201d.&nbsp;<\/p>\n\n\n\n<p>El objetivo de estas dos novelas, dijo, es dar voz a trav\u00e9s de personajes ficticios y reales, a aquellas personas que por temor, pena o discriminaci\u00f3n, no son escuchados.<\/p>\n\n\n\n<p>Uno de los libros publicados, es&nbsp;<em>El milagro y la sonrisa<\/em>&nbsp;de Daniella Giacom\u00e1n Vargas, una obra de escritura testimonial que narra la vida de la autora, afectada desde su nacimiento por el S\u00edndrome de Moebius, catalogado por especialistas como una&nbsp;<em>enfermedad rara<\/em>&nbsp;y cuya principal caracter\u00edstica, es la falta de movilidad facial.&nbsp;<\/p>\n\n\n\n<blockquote class=\"wp-block-quote is-layout-flow wp-block-quote-is-layout-flow\"><p>\u201cPara nosotros es muy sencillo sonre\u00edr, pero Daniella no pudo sonre\u00edr por casi treinta a\u00f1os. Y luch\u00f3 y se someti\u00f3 a m\u00faltiples cirug\u00edas para poder sonre\u00edr, es una historia de una convicci\u00f3n, de una gran fe y sobre todo de una familia, tal vez como todas, pero una familia que luch\u00f3 con ella en todo momento\u201d.&nbsp;<\/p><\/blockquote>\n\n\n\n<p>A trav\u00e9s de sus p\u00e1ginas,&nbsp;<em>El milagro y la sonrisa<\/em>&nbsp;narra las aventuras y desventuras de Daniella, quien es periodista, bloguera y activista.<\/p>\n\n\n\n<p>La otra obra se trata de&nbsp;<em>El vuelo de Elisa<\/em>, de la escritora Arcelia Ayup Silveti. Quitz\u00e9 Fern\u00e1ndez cont\u00f3 que es una novela para visibilizar la depresi\u00f3n, porque Elisa es una ni\u00f1a aparentemente normal, pero en sus pensamientos habitan ideas que la quisieran hacer desaparecer, simplemente volar.<\/p>\n\n\n\n<blockquote class=\"wp-block-quote is-layout-flow wp-block-quote-is-layout-flow\"><p>\u201cArcelia pone sobre la mesa, con una prosa bell\u00edsima, las afectaciones que trae la depresi\u00f3n, la importancia de comunicarnos con nuestra gente alrededor y saber y sentir que no estamos solos\u201d .<\/p><\/blockquote>\n\n\n\n<p>Estas publicaciones se dan en el contexto del quinto aniversario de Amonite, cuyos inicios fueron en la p\u00e1gina www.amonite.com.mx. Para adquirir los libros, los interesados pueden escribir al correo club@amonite.com.mx, o al WhatsApp institucional: (844) 1297379.<\/p>\n\n\n\n<figure class=\"wp-block-image size-large\"><img fetchpriority=\"high\" decoding=\"async\" width=\"668\" height=\"1024\" src=\"https:\/\/lavereda.com.mx\/wp-content\/uploads\/2022\/03\/el_vuelo_de_elisa-668x1024.jpg\" alt=\"\" class=\"wp-image-3332\" srcset=\"https:\/\/lavereda.com.mx\/wp-content\/uploads\/2022\/03\/el_vuelo_de_elisa-668x1024.jpg 668w, https:\/\/lavereda.com.mx\/wp-content\/uploads\/2022\/03\/el_vuelo_de_elisa-196x300.jpg 196w, https:\/\/lavereda.com.mx\/wp-content\/uploads\/2022\/03\/el_vuelo_de_elisa-768x1177.jpg 768w, https:\/\/lavereda.com.mx\/wp-content\/uploads\/2022\/03\/el_vuelo_de_elisa-1002x1536.jpg 1002w, https:\/\/lavereda.com.mx\/wp-content\/uploads\/2022\/03\/el_vuelo_de_elisa.jpg 1100w\" sizes=\"(max-width: 668px) 100vw, 668px\" \/><\/figure>\n","protected":false},"excerpt":{"rendered":"<p>Los libros son: El milagro y la sonrisa&nbsp;de Daniella Giacom\u00e1n Vargas y El vuelo de Elisa de Arcelia Ayup. La plataforma mexicana Amonite, dedicada a la comunicaci\u00f3n de la cultura &hellip; <a href=\"https:\/\/lavereda.com.mx\/index.php\/2022\/03\/15\/amonite-lanza-dos-novelas-juveniles-con-autoras-laguneras\/\" class=\"more-link\">Leer m\u00e1s<\/a><\/p>\n","protected":false},"author":1,"featured_media":3331,"comment_status":"open","ping_status":"open","sticky":false,"template":"","format":"standard","meta":{"footnotes":""},"categories":[5,18],"tags":[],"class_list":["post-3329","post","type-post","status-publish","format-standard","has-post-thumbnail","hentry","category-letras-y-libros","category-lomasrelevante","entry"],"_links":{"self":[{"href":"https:\/\/lavereda.com.mx\/index.php\/wp-json\/wp\/v2\/posts\/3329","targetHints":{"allow":["GET"]}}],"collection":[{"href":"https:\/\/lavereda.com.mx\/index.php\/wp-json\/wp\/v2\/posts"}],"about":[{"href":"https:\/\/lavereda.com.mx\/index.php\/wp-json\/wp\/v2\/types\/post"}],"author":[{"embeddable":true,"href":"https:\/\/lavereda.com.mx\/index.php\/wp-json\/wp\/v2\/users\/1"}],"replies":[{"embeddable":true,"href":"https:\/\/lavereda.com.mx\/index.php\/wp-json\/wp\/v2\/comments?post=3329"}],"version-history":[{"count":2,"href":"https:\/\/lavereda.com.mx\/index.php\/wp-json\/wp\/v2\/posts\/3329\/revisions"}],"predecessor-version":[{"id":3334,"href":"https:\/\/lavereda.com.mx\/index.php\/wp-json\/wp\/v2\/posts\/3329\/revisions\/3334"}],"wp:featuredmedia":[{"embeddable":true,"href":"https:\/\/lavereda.com.mx\/index.php\/wp-json\/wp\/v2\/media\/3331"}],"wp:attachment":[{"href":"https:\/\/lavereda.com.mx\/index.php\/wp-json\/wp\/v2\/media?parent=3329"}],"wp:term":[{"taxonomy":"category","embeddable":true,"href":"https:\/\/lavereda.com.mx\/index.php\/wp-json\/wp\/v2\/categories?post=3329"},{"taxonomy":"post_tag","embeddable":true,"href":"https:\/\/lavereda.com.mx\/index.php\/wp-json\/wp\/v2\/tags?post=3329"}],"curies":[{"name":"wp","href":"https:\/\/api.w.org\/{rel}","templated":true}]}}