{"id":3317,"date":"2022-03-12T23:51:07","date_gmt":"2022-03-12T23:51:07","guid":{"rendered":"http:\/\/lavereda.com.mx\/?p=3317"},"modified":"2022-03-12T23:56:02","modified_gmt":"2022-03-12T23:56:02","slug":"gloria-trevi-sorprende-a-los-laguneros-en-el-coliseo-centenario","status":"publish","type":"post","link":"https:\/\/lavereda.com.mx\/index.php\/2022\/03\/12\/gloria-trevi-sorprende-a-los-laguneros-en-el-coliseo-centenario\/","title":{"rendered":"Gloria Trevi sorprende a los Laguneros en el Coliseo Centenario"},"content":{"rendered":"\n<p>Un show espectacular ofreci\u00f3 Gloria Trevi en el Coliseo Centenario este viernes 11 de marzo con su tour \u00abIsla Divina World Tour 2022\u00bb.<\/p>\n\n\n\n<p>La cantante enloqueci\u00f3 a los laguneros con su incre\u00edble voz y su espectacular figura, adem\u00e1s del show que iba acompa\u00f1ado de luces, bailarines, y una escenograf\u00eda multicolor. <\/p>\n\n\n\n<p>A las 21:30 horas la pantalla central reprodujo una serie de im\u00e1genes en diferentes etapas de la historia. Las luces iluminaron una escalera al centro del escenario, y de pronto en los escalones apareci\u00f3 Gloria acompa\u00f1ada de sus bailarines, ella vestida de blanco con alas de \u00e1ngel, comenz\u00f3 con un popurr\u00ed de \u00e9xitos que incluy\u00f3 \u00abEl recuento de los da\u00f1os\u00bb, \u00ab\u00bfQue voy a hacer sin \u00e9l?\u00bb, \u00abNo quer\u00edas lastimarme\u00bb y \u00abVas a recordarme\u00bb. <\/p>\n\n\n\n<p>Antes de pasar a la siguiente canci\u00f3n, Gloria expresaba un comentario para hacer referencia al tema que estaba a punto de cantar, y por supuesto los gritos, ovaciones y aplausos se hicieron notar desde un incio.<\/p>\n\n\n\n<p>Una vez m\u00e1s Gloria confirm\u00f3 que es una cantante muy querida por los Laguneros, y por supuesto deleito en gran manera a sus fans. Dentro de su espect\u00e1culo invit\u00f3 al p\u00fablico a una purificaci\u00f3n, para dejar atr\u00e1s los desaf\u00edos cotidianos y lanzarse a un viaje alucinante desde una playa paradis\u00edaca hasta sumergirse en las profundidades del mar, dejando a todos sorprendidos.<\/p>\n","protected":false},"excerpt":{"rendered":"<p>Un show espectacular ofreci\u00f3 Gloria Trevi en el Coliseo Centenario este viernes 11 de marzo con su tour \u00abIsla Divina World Tour 2022\u00bb. La cantante enloqueci\u00f3 a los laguneros con &hellip; <a href=\"https:\/\/lavereda.com.mx\/index.php\/2022\/03\/12\/gloria-trevi-sorprende-a-los-laguneros-en-el-coliseo-centenario\/\" class=\"more-link\">Leer m\u00e1s<\/a><\/p>\n","protected":false},"author":14,"featured_media":3324,"comment_status":"open","ping_status":"open","sticky":false,"template":"","format":"standard","meta":{"footnotes":""},"categories":[18,4],"tags":[],"class_list":["post-3317","post","type-post","status-publish","format-standard","has-post-thumbnail","hentry","category-lomasrelevante","category-musica","entry"],"_links":{"self":[{"href":"https:\/\/lavereda.com.mx\/index.php\/wp-json\/wp\/v2\/posts\/3317","targetHints":{"allow":["GET"]}}],"collection":[{"href":"https:\/\/lavereda.com.mx\/index.php\/wp-json\/wp\/v2\/posts"}],"about":[{"href":"https:\/\/lavereda.com.mx\/index.php\/wp-json\/wp\/v2\/types\/post"}],"author":[{"embeddable":true,"href":"https:\/\/lavereda.com.mx\/index.php\/wp-json\/wp\/v2\/users\/14"}],"replies":[{"embeddable":true,"href":"https:\/\/lavereda.com.mx\/index.php\/wp-json\/wp\/v2\/comments?post=3317"}],"version-history":[{"count":3,"href":"https:\/\/lavereda.com.mx\/index.php\/wp-json\/wp\/v2\/posts\/3317\/revisions"}],"predecessor-version":[{"id":3321,"href":"https:\/\/lavereda.com.mx\/index.php\/wp-json\/wp\/v2\/posts\/3317\/revisions\/3321"}],"wp:featuredmedia":[{"embeddable":true,"href":"https:\/\/lavereda.com.mx\/index.php\/wp-json\/wp\/v2\/media\/3324"}],"wp:attachment":[{"href":"https:\/\/lavereda.com.mx\/index.php\/wp-json\/wp\/v2\/media?parent=3317"}],"wp:term":[{"taxonomy":"category","embeddable":true,"href":"https:\/\/lavereda.com.mx\/index.php\/wp-json\/wp\/v2\/categories?post=3317"},{"taxonomy":"post_tag","embeddable":true,"href":"https:\/\/lavereda.com.mx\/index.php\/wp-json\/wp\/v2\/tags?post=3317"}],"curies":[{"name":"wp","href":"https:\/\/api.w.org\/{rel}","templated":true}]}}