{"id":3311,"date":"2022-03-11T21:06:24","date_gmt":"2022-03-11T21:06:24","guid":{"rendered":"http:\/\/lavereda.com.mx\/?p=3311"},"modified":"2022-03-11T21:06:26","modified_gmt":"2022-03-11T21:06:26","slug":"el-bichito-obra-de-teatro-familiar-llega-al-teatro-nazas","status":"publish","type":"post","link":"https:\/\/lavereda.com.mx\/index.php\/2022\/03\/11\/el-bichito-obra-de-teatro-familiar-llega-al-teatro-nazas\/","title":{"rendered":"El Bichito: obra de teatro familiar llega al Teatro Nazas"},"content":{"rendered":"\n<p>La&nbsp;&nbsp;Con la presentaci\u00f3n de \u201cEl Bichito\u201d, inicia la gira de la gala de la Muestra Estatal de Teatro,&nbsp;&nbsp;en el teatro Nazas de Torre\u00f3n este pr\u00f3ximo domingo 13 de marzo a las 18:00 hrs.<\/p>\n\n\n\n<p>\u00a0El Gobierno de Coahuila y el Municipio de Torre\u00f3n invitan a la funci\u00f3n de Teatro \u201cEl Bichito\u201d, apta para toda la familia y cuya entrada es libre, con uso de cubrebocas obligatorio y sana distancia, a fin de que el p\u00fablico de la laguna tenga este acercamiento a las propuestas teatrales que participaron en la MET 2021.<\/p>\n\n\n\n<p>&nbsp;Esta obra, que hace referencia al coronavirus, cuenta la historia de Rebeca una ni\u00f1a de 7 a\u00f1os (casi 8) que se ve envuelta en una serie de cambios en su vida, consecuencia de un bichito que amenazaba la salud de todos. Poco a poco, Rebeca entender\u00e1 los nuevos retos a los que se enfrenta en un mundo cambiante sin poder salir de casa y acompa\u00f1ada de su hermana Mariana. Todo esto con la ilusi\u00f3n de una fiesta para celebrar su cumplea\u00f1os n\u00famero 8 que no podr\u00e1 llevarse a cabo. El cambio de rutina, explorar nuevas actividades y la ausencia de seres queridos. Todo dentro de las mismas cuatro paredes ser\u00e1n alguna de las consecuencias de la aparici\u00f3n del Bichito.<\/p>\n\n\n\n<p>La obra es original de Ana Luisa Aguilera, bajo la direcci\u00f3n de Ramiro Baranda, del grupo Rey Feo teatro, originario de Torre\u00f3n y en ella act\u00faan Abigail Mu\u00f1oz en el papel de \u201cRebeca\u201d y Ana Luisa Aguilera en el papel de \u201cMariana\u201d y es muy recomendable para que el p\u00fablico infantil entienda un poco m\u00e1s lo que sucede en nuestras vidas a ra\u00edz de la presencia del coronavirus.<\/p>\n","protected":false},"excerpt":{"rendered":"<p>La&nbsp;&nbsp;Con la presentaci\u00f3n de \u201cEl Bichito\u201d, inicia la gira de la gala de la Muestra Estatal de Teatro,&nbsp;&nbsp;en el teatro Nazas de Torre\u00f3n este pr\u00f3ximo domingo 13 de marzo a &hellip; <a href=\"https:\/\/lavereda.com.mx\/index.php\/2022\/03\/11\/el-bichito-obra-de-teatro-familiar-llega-al-teatro-nazas\/\" class=\"more-link\">Leer m\u00e1s<\/a><\/p>\n","protected":false},"author":1,"featured_media":3312,"comment_status":"open","ping_status":"open","sticky":false,"template":"","format":"standard","meta":{"footnotes":""},"categories":[2],"tags":[],"class_list":["post-3311","post","type-post","status-publish","format-standard","has-post-thumbnail","hentry","category-artes-escenicas","entry"],"_links":{"self":[{"href":"https:\/\/lavereda.com.mx\/index.php\/wp-json\/wp\/v2\/posts\/3311","targetHints":{"allow":["GET"]}}],"collection":[{"href":"https:\/\/lavereda.com.mx\/index.php\/wp-json\/wp\/v2\/posts"}],"about":[{"href":"https:\/\/lavereda.com.mx\/index.php\/wp-json\/wp\/v2\/types\/post"}],"author":[{"embeddable":true,"href":"https:\/\/lavereda.com.mx\/index.php\/wp-json\/wp\/v2\/users\/1"}],"replies":[{"embeddable":true,"href":"https:\/\/lavereda.com.mx\/index.php\/wp-json\/wp\/v2\/comments?post=3311"}],"version-history":[{"count":1,"href":"https:\/\/lavereda.com.mx\/index.php\/wp-json\/wp\/v2\/posts\/3311\/revisions"}],"predecessor-version":[{"id":3313,"href":"https:\/\/lavereda.com.mx\/index.php\/wp-json\/wp\/v2\/posts\/3311\/revisions\/3313"}],"wp:featuredmedia":[{"embeddable":true,"href":"https:\/\/lavereda.com.mx\/index.php\/wp-json\/wp\/v2\/media\/3312"}],"wp:attachment":[{"href":"https:\/\/lavereda.com.mx\/index.php\/wp-json\/wp\/v2\/media?parent=3311"}],"wp:term":[{"taxonomy":"category","embeddable":true,"href":"https:\/\/lavereda.com.mx\/index.php\/wp-json\/wp\/v2\/categories?post=3311"},{"taxonomy":"post_tag","embeddable":true,"href":"https:\/\/lavereda.com.mx\/index.php\/wp-json\/wp\/v2\/tags?post=3311"}],"curies":[{"name":"wp","href":"https:\/\/api.w.org\/{rel}","templated":true}]}}