{"id":3308,"date":"2022-03-11T17:58:53","date_gmt":"2022-03-11T17:58:53","guid":{"rendered":"http:\/\/lavereda.com.mx\/?p=3308"},"modified":"2022-03-11T17:58:55","modified_gmt":"2022-03-11T17:58:55","slug":"la-compania-mezquite-arranca-festejos-por-25-aniversario","status":"publish","type":"post","link":"https:\/\/lavereda.com.mx\/index.php\/2022\/03\/11\/la-compania-mezquite-arranca-festejos-por-25-aniversario\/","title":{"rendered":"La compa\u00f1\u00eda Mezquite arranca festejos por 25 aniversario"},"content":{"rendered":"\n<p>En 1997 naci\u00f3 un proyecto art\u00edstico que hoy es un referente en danza contempor\u00e1nea en el norte del pa\u00eds: la compa\u00f1\u00eda Mezquite, bajo la direcci\u00f3n de Jaime Hinojosa. Para arrancar los festejos de su XXV aniversario, presentan  este fin de semana en el Teatro del Bicentenario de Le\u00f3n Guanajuato dos funciones de\u00a0Carmina Burana de Carl Orff, con Camerata de Coahuila y el Coro del Conservatorio de Celaya.<\/p>\n\n\n\n<p>\u00abA lo largo de estos cinco lustros, la compa\u00f1\u00eda ha consolidado en La Comarca Lagunera, v\u00eda la generaci\u00f3n de la Escuela Municipal de Danza Contempor\u00e1nea de Torre\u00f3n y otras actividades paralelas, un importante y creciente polo de actividad danc\u00edstica profesional, no ha sido una tarea f\u00e1cil; la geograf\u00eda des\u00e9rtica en lo f\u00edsico m\u00e1s la carencia en aquel entonces -1997-, de referentes acad\u00e9micos y art\u00edsticos profesionales, incrementaron la obstinaci\u00f3n de Mezquite Danza Contempor\u00e1nea, para construir esta plataforma\u00a0\u00a0logrando as\u00ed, en su d\u00eda a d\u00eda con disciplina y paciencia, un desarrollo sustantivo en la educaci\u00f3n, difusi\u00f3n, creaci\u00f3n y apreciaci\u00f3n de la Danza\u00bb, expres\u00f3 el director, maestro Jaime Hinojosa.<\/p>\n\n\n\n<p>Comparti\u00f3 que dentro de este a\u00f1o de festejos, se contemplan y se trabaja ya con el INBAL una temporada en el Teatro de la Danza en la Ciudad de M\u00e9xico, con Secretar\u00eda de Cultura del Estado una gira por los estados del noreste, con el IMCE, el levantamiento de los Cursos de verano, el Concurso de coreograf\u00eda contempor\u00e1nea\u00a0<em>\u201c\u2026la danza al fondo del noreste\u201d\u00a0<\/em>y el XIX Festival de danza contempor\u00e1nea de la Comarca Lagunera, entre otras actividades.<\/p>\n\n\n\n<p>\u00abMezquite DC<strong>\u00a0<\/strong>promueve el desarrollo y apreciaci\u00f3n de la danza contempor\u00e1nea en La Comarca Lagunera,\u00a0tiene ahora\u00a0<em>25<\/em>\u00a0a\u00f1os, no recibe ning\u00fan tipo de subsidio, crea p\u00fablicos, bailarines y trabaja en paz\u00bb, precis\u00f3 el maestro.<\/p>\n","protected":false},"excerpt":{"rendered":"<p>En 1997 naci\u00f3 un proyecto art\u00edstico que hoy es un referente en danza contempor\u00e1nea en el norte del pa\u00eds: la compa\u00f1\u00eda Mezquite, bajo la direcci\u00f3n de Jaime Hinojosa. Para arrancar &hellip; <a href=\"https:\/\/lavereda.com.mx\/index.php\/2022\/03\/11\/la-compania-mezquite-arranca-festejos-por-25-aniversario\/\" class=\"more-link\">Leer m\u00e1s<\/a><\/p>\n","protected":false},"author":9,"featured_media":3309,"comment_status":"open","ping_status":"open","sticky":false,"template":"","format":"standard","meta":{"footnotes":""},"categories":[2,18],"tags":[],"class_list":["post-3308","post","type-post","status-publish","format-standard","has-post-thumbnail","hentry","category-artes-escenicas","category-lomasrelevante","entry"],"_links":{"self":[{"href":"https:\/\/lavereda.com.mx\/index.php\/wp-json\/wp\/v2\/posts\/3308","targetHints":{"allow":["GET"]}}],"collection":[{"href":"https:\/\/lavereda.com.mx\/index.php\/wp-json\/wp\/v2\/posts"}],"about":[{"href":"https:\/\/lavereda.com.mx\/index.php\/wp-json\/wp\/v2\/types\/post"}],"author":[{"embeddable":true,"href":"https:\/\/lavereda.com.mx\/index.php\/wp-json\/wp\/v2\/users\/9"}],"replies":[{"embeddable":true,"href":"https:\/\/lavereda.com.mx\/index.php\/wp-json\/wp\/v2\/comments?post=3308"}],"version-history":[{"count":1,"href":"https:\/\/lavereda.com.mx\/index.php\/wp-json\/wp\/v2\/posts\/3308\/revisions"}],"predecessor-version":[{"id":3310,"href":"https:\/\/lavereda.com.mx\/index.php\/wp-json\/wp\/v2\/posts\/3308\/revisions\/3310"}],"wp:featuredmedia":[{"embeddable":true,"href":"https:\/\/lavereda.com.mx\/index.php\/wp-json\/wp\/v2\/media\/3309"}],"wp:attachment":[{"href":"https:\/\/lavereda.com.mx\/index.php\/wp-json\/wp\/v2\/media?parent=3308"}],"wp:term":[{"taxonomy":"category","embeddable":true,"href":"https:\/\/lavereda.com.mx\/index.php\/wp-json\/wp\/v2\/categories?post=3308"},{"taxonomy":"post_tag","embeddable":true,"href":"https:\/\/lavereda.com.mx\/index.php\/wp-json\/wp\/v2\/tags?post=3308"}],"curies":[{"name":"wp","href":"https:\/\/api.w.org\/{rel}","templated":true}]}}