{"id":3280,"date":"2022-03-08T02:37:24","date_gmt":"2022-03-08T02:37:24","guid":{"rendered":"http:\/\/lavereda.com.mx\/?p=3280"},"modified":"2022-03-08T02:38:01","modified_gmt":"2022-03-08T02:38:01","slug":"los-riesgos-del-ocio-34","status":"publish","type":"post","link":"https:\/\/lavereda.com.mx\/index.php\/2022\/03\/08\/los-riesgos-del-ocio-34\/","title":{"rendered":"Los riesgos del ocio"},"content":{"rendered":"\n<p>Esta semana he estado nuevamente sola en casa. He aprovechado cada ma\u00f1ana para poner m\u00fasica a todo volumen sin miedo a despertar almas incautas a las cinco y media de la ma\u00f1ana y, \u00bfsaben?, adem\u00e1s de los t\u00edpicos \u201cla m\u00fasica rejuvenece, da \u00e1nimos y todos los etc\u00e9tera que ya conocemos\u201d, me he reencontrado con sensaciones que pens\u00e9 olvidadas, gracias al mix que prepar\u00f3 para m\u00ed (especialmente jajaja, supongo que debido a mi condici\u00f3n de cincuentona) la aplicaci\u00f3n verde que ya conocemos, bajo el t\u00edtulo de \u201cm\u00fasica alegre\u201d. M\u00fasica que vengo escuchando desde hace m\u00e1s de cuarenta a\u00f1os, d\u00e1ndome esos placeres que van m\u00e1s all\u00e1 de bailar y cantar.&nbsp;<\/p>\n\n\n\n<p>\u00bfRecuerdan la primera canci\u00f3n que bailaron con el \u201camor de su vida\u201d?&nbsp;<em>Funky town<\/em>. Eran los diez y ocho a\u00f1os de Sonia, la hermana de Billy, aqu\u00e9l vecino que me movi\u00f3 las hormonas por, no s\u00e9, creo que fue el tercer o cuarto \u201camor de mi vida\u201d (\u00bfustedes cu\u00e1ntos tuvieron antes de, finalmente encontrar al verdaderamente amor a secas con el que hicieron una vida?).&nbsp;<\/p>\n\n\n\n<p>En fin, todo muy ochentas, la fiesta fue en el patio de la casa, el tocadiscos, LP de colores (esos con un single de un lado y la versi\u00f3n larga del otro), y esa fue la primera vez que me invitaron a bailar delante de todos, ya como ni\u00f1a independiente de mi familia mu\u00e9gano y lejos del relajo que hac\u00edamos los primos cada navidad bajo la batuta de los mayores.<\/p>\n\n\n\n<p>Con la m\u00fasica de&nbsp;<em>Saturday night fever<\/em>&nbsp;me veo yendo rumbo al colegio en Minatitl\u00e1n, con el coraz\u00f3n saltando del pecho y una sensaci\u00f3n de algo inminentemente maravilloso a punto de suceder; ni idea de qu\u00e9 esperaba (igual era ver a Leyva, otro \u201camor de mi vida\u201d), pero esa emoci\u00f3n me sigue acompa\u00f1ando cada vez que escucho cualquier canci\u00f3n de ese \u00e1lbum, o de Abba, o&nbsp;&nbsp;Phil Collins.<\/p>\n\n\n\n<p>Y por supuesto la alegr\u00eda de poner esos LPs de colores (ten\u00edamos verdes, rojos, amarillos, y uno azul, \u00bfme pregunto que se hicieron?), apilados como tortillas en el reci\u00e9n comprado tocadiscos, para lavar los trastes, barrer y lavar los ba\u00f1os (excepto el ba\u00f1ito donde se nos apareci\u00f3 una tar\u00e1ntula, pero esa es otra historia), sin pararnos a cambiar el disco.<\/p>\n\n\n\n<blockquote class=\"wp-block-quote is-layout-flow wp-block-quote-is-layout-flow\"><p>O escuchar a Madonna y Cyndi Lauper, sintiendo la sensualidad de los labiales m\u00e1gicos, esos que siendo verdes o azules por fuera, pintaban los labios de rosa o rojo, no recuerdo. Y mover el cuerpo anticip\u00e1ndonos al momento de estar en la pista de la desaparecida La Rosa, mientras las sombras llenas de polvitos brillosos se deslizaban en los p\u00e1rpados y mejillas, gracias a nuestra inexperiencia con el maquillaje.<\/p><\/blockquote>\n\n\n\n<p>Todav\u00eda tengo algunos cassettes hecho por manos amigas o enamoradas como regalos; todos con la lista de canciones escritas a mano, con dibujos y un gran recuerdo del instante en que me fue entregado.<\/p>\n\n\n\n<p>Y me brinco al momento en que bail\u00e9 la primer canci\u00f3n con la persona especial de mi vida, con qui\u00e9n he compartido tanto desde antes de aqu\u00e9l primer baile en la Disco de mala muerte que parece todav\u00eda existe en Lerdo. Est\u00e1bamos euf\u00f3ricos con la sorpresa de habernos conocido, coincidido en tantas y mil cosas y, abrazados; con \u00e9l cantando a todo volumen, nos besamos al ritmo de&nbsp;<em>Woman in red<\/em>&nbsp;(\u00bfcon cu\u00e1l tuvieron ustedes su primer beso de verdadero amor?); y de ah\u00ed entonces hemos gozado mucha m\u00e1s m\u00fasica; a pesar de las edades tan dispares, descubrimos el placer por los mismos ritmos. De vez en cuando seguimos bailando&nbsp;<em>Let\u00b4s go outside<\/em>, con la misma esperanza en el futuro que hace catorce a\u00f1os y la misma calentura, para qu\u00e9 nos hacemos (aqu\u00ed meter\u00eda unas risas nerviosas).<\/p>\n\n\n\n<p>De pronto me doy cuenta de que hoy, mi d\u00eda de descanso, he estado escuchando m\u00fasica desde hace cuatro horas. El tiempo se me fue bailando, cantando y escribiendo, bueno tambi\u00e9n lavando trastes, pintando mis ojos con brillos color sirena y guardando la ropa de invierno porque ya lleg\u00f3 el calor y eso merece ser celebrado con Kool &amp; The Gang, Wham! y mi siempre dadora de pretextos para seguir escribiendo, Donna Summers.&nbsp;<\/p>\n","protected":false},"excerpt":{"rendered":"<p>Esta semana he estado nuevamente sola en casa. He aprovechado cada ma\u00f1ana para poner m\u00fasica a todo volumen sin miedo a despertar almas incautas a las cinco y media de &hellip; <a href=\"https:\/\/lavereda.com.mx\/index.php\/2022\/03\/08\/los-riesgos-del-ocio-34\/\" class=\"more-link\">Leer m\u00e1s<\/a><\/p>\n","protected":false},"author":11,"featured_media":3281,"comment_status":"open","ping_status":"open","sticky":false,"template":"","format":"standard","meta":{"footnotes":""},"categories":[18,9],"tags":[],"class_list":["post-3280","post","type-post","status-publish","format-standard","has-post-thumbnail","hentry","category-lomasrelevante","category-opinion","entry"],"_links":{"self":[{"href":"https:\/\/lavereda.com.mx\/index.php\/wp-json\/wp\/v2\/posts\/3280","targetHints":{"allow":["GET"]}}],"collection":[{"href":"https:\/\/lavereda.com.mx\/index.php\/wp-json\/wp\/v2\/posts"}],"about":[{"href":"https:\/\/lavereda.com.mx\/index.php\/wp-json\/wp\/v2\/types\/post"}],"author":[{"embeddable":true,"href":"https:\/\/lavereda.com.mx\/index.php\/wp-json\/wp\/v2\/users\/11"}],"replies":[{"embeddable":true,"href":"https:\/\/lavereda.com.mx\/index.php\/wp-json\/wp\/v2\/comments?post=3280"}],"version-history":[{"count":2,"href":"https:\/\/lavereda.com.mx\/index.php\/wp-json\/wp\/v2\/posts\/3280\/revisions"}],"predecessor-version":[{"id":3283,"href":"https:\/\/lavereda.com.mx\/index.php\/wp-json\/wp\/v2\/posts\/3280\/revisions\/3283"}],"wp:featuredmedia":[{"embeddable":true,"href":"https:\/\/lavereda.com.mx\/index.php\/wp-json\/wp\/v2\/media\/3281"}],"wp:attachment":[{"href":"https:\/\/lavereda.com.mx\/index.php\/wp-json\/wp\/v2\/media?parent=3280"}],"wp:term":[{"taxonomy":"category","embeddable":true,"href":"https:\/\/lavereda.com.mx\/index.php\/wp-json\/wp\/v2\/categories?post=3280"},{"taxonomy":"post_tag","embeddable":true,"href":"https:\/\/lavereda.com.mx\/index.php\/wp-json\/wp\/v2\/tags?post=3280"}],"curies":[{"name":"wp","href":"https:\/\/api.w.org\/{rel}","templated":true}]}}