{"id":3247,"date":"2022-03-03T15:41:37","date_gmt":"2022-03-03T15:41:37","guid":{"rendered":"http:\/\/lavereda.com.mx\/?p=3247"},"modified":"2022-03-04T03:58:07","modified_gmt":"2022-03-04T03:58:07","slug":"inventario-de-fantasmas-se-despide","status":"publish","type":"post","link":"https:\/\/lavereda.com.mx\/index.php\/2022\/03\/03\/inventario-de-fantasmas-se-despide\/","title":{"rendered":"La obra Inventario de Fantasmas se despide de los escenarios"},"content":{"rendered":"\n<p>Despu\u00e9s de cuatro a\u00f1os de su estreno, Inventario de Fantasmas anuncia su final en los escenarios con un tema que sigue presente, la b\u00fasqueda de los que ya no est\u00e1n, un tema que trajo bastantes emociones a los espectadores.<\/p>\n\n\n\n<p>El grupo lagunero Colectivo Imaginante Teatro (CIT) retoma la puesta en escena del tamaulipeco Eduardo Torres, donde se aborda la tem\u00e1tica de la desaparici\u00f3n forzada en nuestro pa\u00eds a trav\u00e9s de la invitaci\u00f3n a reflexionar sobre la esperanza, esa chispa de luz que nos ayuda a buscar en la oscuridad de los d\u00edas.<\/p>\n\n\n\n<p>La funci\u00f3n de despedida ser\u00e1 este pr\u00f3ximo 04 de marzo del 2022 en el Teatro Alberto M. Alvarado, dentro de la convocatoria \u201cDe vuelta al teatro\u201d en G\u00f3mez Palacio, Dgo.<\/p>\n\n\n\n<p>Adem\u00e1s, el colectivo Imag\u00ednate Teatro se encuentra trabajando en nuevos proyectos que podr\u00e1n ir conociendo a trav\u00e9s de sus redes sociales, que se encuentran como Colectivo Imaginante Teatro, as\u00ed como en Facebook e Instagram, ah\u00ed mismo podr\u00e1n conocer la din\u00e1mica para adquirir sus boletos, con un precio especial de preventa, los boletos ya est\u00e1n disponibles.<\/p>\n\n\n\n<div class=\"wp-block-image\"><figure class=\"aligncenter size-large is-resized\"><img fetchpriority=\"high\" decoding=\"async\" src=\"https:\/\/lavereda.com.mx\/wp-content\/uploads\/2022\/03\/DSC_5454-683x1024.jpg\" alt=\"\" class=\"wp-image-3249\" width=\"264\" height=\"396\" srcset=\"https:\/\/lavereda.com.mx\/wp-content\/uploads\/2022\/03\/DSC_5454-683x1024.jpg 683w, https:\/\/lavereda.com.mx\/wp-content\/uploads\/2022\/03\/DSC_5454-200x300.jpg 200w, https:\/\/lavereda.com.mx\/wp-content\/uploads\/2022\/03\/DSC_5454-768x1152.jpg 768w, https:\/\/lavereda.com.mx\/wp-content\/uploads\/2022\/03\/DSC_5454-1024x1536.jpg 1024w, https:\/\/lavereda.com.mx\/wp-content\/uploads\/2022\/03\/DSC_5454-1365x2048.jpg 1365w, https:\/\/lavereda.com.mx\/wp-content\/uploads\/2022\/03\/DSC_5454-scaled.jpg 1707w\" sizes=\"(max-width: 264px) 100vw, 264px\" \/><\/figure><\/div>\n\n\n\n<p>Inventario de Fantasmas es una producci\u00f3n de Daniela Flores, dirigida por Iv\u00e1n Torres y llevada a escena por Mace Medina, Estefan\u00eda Marrufo y Angie Pelayo. La historia se desarrolla a trav\u00e9s de diferentes momentos dentro de la relaci\u00f3n de una pareja y la amistad entre dos ni\u00f1os, donde todos esperan a alguien: una mascota, un amigo, un hijo una pareja.<\/p>\n\n\n\n<p>Esperamos puedan acudir a este final de presentaci\u00f3n, donde se espera sea un cierre impresionante.<\/p>\n","protected":false},"excerpt":{"rendered":"<p>Despu\u00e9s de cuatro a\u00f1os de su estreno, Inventario de Fantasmas anuncia su final en los escenarios con un tema que sigue presente, la b\u00fasqueda de los que ya no est\u00e1n, &hellip; <a href=\"https:\/\/lavereda.com.mx\/index.php\/2022\/03\/03\/inventario-de-fantasmas-se-despide\/\" class=\"more-link\">Leer m\u00e1s<\/a><\/p>\n","protected":false},"author":1,"featured_media":3248,"comment_status":"open","ping_status":"open","sticky":false,"template":"","format":"standard","meta":{"footnotes":""},"categories":[2,18],"tags":[],"class_list":["post-3247","post","type-post","status-publish","format-standard","has-post-thumbnail","hentry","category-artes-escenicas","category-lomasrelevante","entry"],"_links":{"self":[{"href":"https:\/\/lavereda.com.mx\/index.php\/wp-json\/wp\/v2\/posts\/3247","targetHints":{"allow":["GET"]}}],"collection":[{"href":"https:\/\/lavereda.com.mx\/index.php\/wp-json\/wp\/v2\/posts"}],"about":[{"href":"https:\/\/lavereda.com.mx\/index.php\/wp-json\/wp\/v2\/types\/post"}],"author":[{"embeddable":true,"href":"https:\/\/lavereda.com.mx\/index.php\/wp-json\/wp\/v2\/users\/1"}],"replies":[{"embeddable":true,"href":"https:\/\/lavereda.com.mx\/index.php\/wp-json\/wp\/v2\/comments?post=3247"}],"version-history":[{"count":4,"href":"https:\/\/lavereda.com.mx\/index.php\/wp-json\/wp\/v2\/posts\/3247\/revisions"}],"predecessor-version":[{"id":3255,"href":"https:\/\/lavereda.com.mx\/index.php\/wp-json\/wp\/v2\/posts\/3247\/revisions\/3255"}],"wp:featuredmedia":[{"embeddable":true,"href":"https:\/\/lavereda.com.mx\/index.php\/wp-json\/wp\/v2\/media\/3248"}],"wp:attachment":[{"href":"https:\/\/lavereda.com.mx\/index.php\/wp-json\/wp\/v2\/media?parent=3247"}],"wp:term":[{"taxonomy":"category","embeddable":true,"href":"https:\/\/lavereda.com.mx\/index.php\/wp-json\/wp\/v2\/categories?post=3247"},{"taxonomy":"post_tag","embeddable":true,"href":"https:\/\/lavereda.com.mx\/index.php\/wp-json\/wp\/v2\/tags?post=3247"}],"curies":[{"name":"wp","href":"https:\/\/api.w.org\/{rel}","templated":true}]}}