{"id":3227,"date":"2022-03-08T07:17:40","date_gmt":"2022-03-08T07:17:40","guid":{"rendered":"http:\/\/lavereda.com.mx\/?p=3227"},"modified":"2022-03-08T21:05:03","modified_gmt":"2022-03-08T21:05:03","slug":"gloria-trevi-vuelve-al-coliseo-centenario-de-torreon","status":"publish","type":"post","link":"https:\/\/lavereda.com.mx\/index.php\/2022\/03\/08\/gloria-trevi-vuelve-al-coliseo-centenario-de-torreon\/","title":{"rendered":"Gloria Trevi vuelve al Coliseo Centenario de Torre\u00f3n"},"content":{"rendered":"\n<p>Regresa la diva Gloria Trevi con su World Tour Isla Divina y el incre\u00edble show, lleno de luces y vestuarios, al Coliseo Centenario este pr\u00f3ximo viernes 11 de Marzo. <\/p>\n\n\n\n<p>Se espera la gran asistencia de los fans en este magn\u00edfico concierto, para presentar sus m\u00e1s recientes grabaciones como&nbsp;\u00ab<em>Nos volvimos locos<\/em>\u00ab, adem\u00e1s de sus canciones cl\u00e1sicas que la han hecho, la artista latina que m\u00e1s boletos ha vendido en el mundo.<\/p>\n\n\n\n<p>Esperamos escuchar a Gloria cuando pise el escenario del&nbsp;<strong>Coliseo Centenario<\/strong>&nbsp;con canciones como <em>\u00abCon los ojos cerrados\u00bb, \u00abEsa hembra es mala\u00bb, \u00abTodos me miran\u00bb, \u00ab\u00c1branse perras\u00bb y \u00abDr. Psiquiatra\u00bb<\/em> y por supuesto a los fans cantando a todo pulm\u00f3n. <\/p>\n\n\n\n<p>Gloria de los \u00c1ngeles Trevi\u00f1o Ruiz&nbsp;(Monterrey,&nbsp;Nuevo Le\u00f3n,&nbsp;15 de febrero&nbsp;de&nbsp;1968), conocida art\u00edsticamente como&nbsp;Gloria Trevi, es una&nbsp;<a href=\"https:\/\/es.wikipedia.org\/wiki\/Cantante\">c<\/a>antante,&nbsp;actriz,&nbsp;productora,&nbsp;compositora,&nbsp;modelo&nbsp;y&nbsp;empresaria&nbsp;mexicana.<\/p>\n\n\n\n<p>En 1985 se mud\u00f3 a la&nbsp;Ciudad de M\u00e9xico&nbsp;para comenzar su carrera art\u00edstica. All\u00ed conoci\u00f3 al productor y arreglista&nbsp;Sergio Andrade, quien form\u00f3 el grupo musical&nbsp;Boquitas Pintadas. Cuatro a\u00f1os m\u00e1s tarde, de la mano de Andrade, public\u00f3 su \u00e1lbum debut&nbsp;<em>&#8230;Qu\u00e9 hago aqu\u00ed?<\/em>&nbsp;, distribuido por&nbsp;BMG Ariola. En los 90, debut\u00f3 en el cine con tres pel\u00edculas:&nbsp;<em>Pelo suelto<\/em>&nbsp;(1991),&nbsp;<em>Zapatos viejos<\/em>&nbsp;(1993) y&nbsp;<em>Una papa sin catsup<\/em>&nbsp;(1995). Termin\u00f3 la d\u00e9cada con cinco \u00e1lbumes que sumaban casi 5 millones de ventas.<\/p>\n\n\n\n<p>El p\u00fablico de&nbsp;<strong>Torre\u00f3n<\/strong>&nbsp;ya est\u00e1 m\u00e1s que preparado para una gran noche con esta diva del pop, pues saben y conocen que&nbsp;<strong>Gloria Trevi<\/strong>&nbsp;es una de las artistas m\u00e1s apasionadas y entregadas sobre el escenario.<\/p>\n\n\n\n<p><\/p>\n\n\n\n<p style=\"font-size:10px\">Fuente: Coliseo centenario y Gloria Trevi oficial<\/p>\n","protected":false},"excerpt":{"rendered":"<p>Regresa la diva Gloria Trevi con su World Tour Isla Divina y el incre\u00edble show, lleno de luces y vestuarios, al Coliseo Centenario este pr\u00f3ximo viernes 11 de Marzo. Se &hellip; <a href=\"https:\/\/lavereda.com.mx\/index.php\/2022\/03\/08\/gloria-trevi-vuelve-al-coliseo-centenario-de-torreon\/\" class=\"more-link\">Leer m\u00e1s<\/a><\/p>\n","protected":false},"author":14,"featured_media":3284,"comment_status":"open","ping_status":"open","sticky":false,"template":"","format":"standard","meta":{"footnotes":""},"categories":[4],"tags":[],"class_list":["post-3227","post","type-post","status-publish","format-standard","has-post-thumbnail","hentry","category-musica","entry"],"_links":{"self":[{"href":"https:\/\/lavereda.com.mx\/index.php\/wp-json\/wp\/v2\/posts\/3227","targetHints":{"allow":["GET"]}}],"collection":[{"href":"https:\/\/lavereda.com.mx\/index.php\/wp-json\/wp\/v2\/posts"}],"about":[{"href":"https:\/\/lavereda.com.mx\/index.php\/wp-json\/wp\/v2\/types\/post"}],"author":[{"embeddable":true,"href":"https:\/\/lavereda.com.mx\/index.php\/wp-json\/wp\/v2\/users\/14"}],"replies":[{"embeddable":true,"href":"https:\/\/lavereda.com.mx\/index.php\/wp-json\/wp\/v2\/comments?post=3227"}],"version-history":[{"count":4,"href":"https:\/\/lavereda.com.mx\/index.php\/wp-json\/wp\/v2\/posts\/3227\/revisions"}],"predecessor-version":[{"id":3292,"href":"https:\/\/lavereda.com.mx\/index.php\/wp-json\/wp\/v2\/posts\/3227\/revisions\/3292"}],"wp:featuredmedia":[{"embeddable":true,"href":"https:\/\/lavereda.com.mx\/index.php\/wp-json\/wp\/v2\/media\/3284"}],"wp:attachment":[{"href":"https:\/\/lavereda.com.mx\/index.php\/wp-json\/wp\/v2\/media?parent=3227"}],"wp:term":[{"taxonomy":"category","embeddable":true,"href":"https:\/\/lavereda.com.mx\/index.php\/wp-json\/wp\/v2\/categories?post=3227"},{"taxonomy":"post_tag","embeddable":true,"href":"https:\/\/lavereda.com.mx\/index.php\/wp-json\/wp\/v2\/tags?post=3227"}],"curies":[{"name":"wp","href":"https:\/\/api.w.org\/{rel}","templated":true}]}}