{"id":3224,"date":"2022-02-28T19:37:58","date_gmt":"2022-02-28T19:37:58","guid":{"rendered":"http:\/\/lavereda.com.mx\/?p=3224"},"modified":"2022-03-01T05:23:23","modified_gmt":"2022-03-01T05:23:23","slug":"la-oreja-de-van-gogh-llega-al-coliseo","status":"publish","type":"post","link":"https:\/\/lavereda.com.mx\/index.php\/2022\/02\/28\/la-oreja-de-van-gogh-llega-al-coliseo\/","title":{"rendered":"La oreja de Van Gogh llega al Coliseo"},"content":{"rendered":"\n<p>El Coliseo Centenario, recibe despu\u00e9s de un tiempo a la banda espa\u00f1ola, La Oreja de Van Gogh. La cita es este pr\u00f3ximo viernes 4 de marzo en punto de las 9:00 pm.<\/p>\n\n\n\n<p>La banda contaba con tres fechas programadas en marzo del 2022, en donde visitar\u00e1n a M\u00e9xico,\u00a0 y en las cuales tambi\u00e9n se sum\u00f3 torre\u00f3n. El concierto es parte de su gira \u00abUn susurro en la tormenta\u00bb.<\/p>\n\n\n\n<p>Debido a la pandemia muchas fechas en Estados Unidos y Espa\u00f1a fueron postergadas para 2021, sin embargo este a\u00f1o se espera poder contar con la participaci\u00f3n de la banda en diferentes lugares.<\/p>\n\n\n\n<p>La Oreja de Van Gogh (abreviado en ocasiones como LOVG o LODVG) es un grupo musical de g\u00e9nero pop-rock originario de San Sebasti\u00e1n, Pa\u00eds Vasco, Espa\u00f1a.<\/p>\n\n\n\n<p>Su trayectoria en el mundo de la m\u00fasica comenz\u00f3 formalmente en 1996. La banda est\u00e1 formada por Pablo Benegas, \u00c1lvaro Fuentes, Xabi San Mart\u00edn, Haritz Garde y Leire Mart\u00ednez,1 aunque la vocalista durante los primeros once a\u00f1os fue Amaia Montero, quien en 2007 dej\u00f3 la formaci\u00f3n para iniciar su carrera como solista.<\/p>\n\n\n\n<p>El sonido de la banda se caracteriza por el empleo de sonidos suaves y mel\u00f3dicos, oscilando entre canciones mel\u00f3dicas y otras con un estilo m\u00e1s cercano al pop-rock. Habitualmente, se suele identificar a la banda donostiarra con el pop, aunque muchos de sus seguidores consideran que algunas composiciones suyas son muy cercanas al pop rock.<\/p>\n\n\n\n<p>A lo largo de sus discos de estudio la agrupaci\u00f3n ha variado en diversos g\u00e9neros como la ranchera, la bossa nova, el dance o la electr\u00f3nica. Su estilo tambi\u00e9n recoge influencias del llamado Donosti Sound o Sonido de San Sebasti\u00e1n (t\u00e9rmino que alude al tipo de m\u00fasica que han interpretado otros grupos de pop rock originarios de esta ciudad vasca, desde los a\u00f1os 80).<\/p>\n\n\n\n<p>Los fans se encuentran ansiosos por escuchar a la banda este pr\u00f3ximo viernes en el Coliseo Centenario y en donde se vivir\u00e1n emociones incre\u00edbles.<\/p>\n\n\n\n<p><\/p>\n\n\n\n<p style=\"font-size:10px\">Fuente: ColiseoCentenarioOficial y OrejadevanGogh<\/p>\n","protected":false},"excerpt":{"rendered":"<p>El Coliseo Centenario, recibe despu\u00e9s de un tiempo a la banda espa\u00f1ola, La Oreja de Van Gogh. La cita es este pr\u00f3ximo viernes 4 de marzo en punto de las &hellip; <a href=\"https:\/\/lavereda.com.mx\/index.php\/2022\/02\/28\/la-oreja-de-van-gogh-llega-al-coliseo\/\" class=\"more-link\">Leer m\u00e1s<\/a><\/p>\n","protected":false},"author":14,"featured_media":3225,"comment_status":"open","ping_status":"open","sticky":false,"template":"","format":"standard","meta":{"footnotes":""},"categories":[18,4],"tags":[],"class_list":["post-3224","post","type-post","status-publish","format-standard","has-post-thumbnail","hentry","category-lomasrelevante","category-musica","entry"],"_links":{"self":[{"href":"https:\/\/lavereda.com.mx\/index.php\/wp-json\/wp\/v2\/posts\/3224","targetHints":{"allow":["GET"]}}],"collection":[{"href":"https:\/\/lavereda.com.mx\/index.php\/wp-json\/wp\/v2\/posts"}],"about":[{"href":"https:\/\/lavereda.com.mx\/index.php\/wp-json\/wp\/v2\/types\/post"}],"author":[{"embeddable":true,"href":"https:\/\/lavereda.com.mx\/index.php\/wp-json\/wp\/v2\/users\/14"}],"replies":[{"embeddable":true,"href":"https:\/\/lavereda.com.mx\/index.php\/wp-json\/wp\/v2\/comments?post=3224"}],"version-history":[{"count":3,"href":"https:\/\/lavereda.com.mx\/index.php\/wp-json\/wp\/v2\/posts\/3224\/revisions"}],"predecessor-version":[{"id":3238,"href":"https:\/\/lavereda.com.mx\/index.php\/wp-json\/wp\/v2\/posts\/3224\/revisions\/3238"}],"wp:featuredmedia":[{"embeddable":true,"href":"https:\/\/lavereda.com.mx\/index.php\/wp-json\/wp\/v2\/media\/3225"}],"wp:attachment":[{"href":"https:\/\/lavereda.com.mx\/index.php\/wp-json\/wp\/v2\/media?parent=3224"}],"wp:term":[{"taxonomy":"category","embeddable":true,"href":"https:\/\/lavereda.com.mx\/index.php\/wp-json\/wp\/v2\/categories?post=3224"},{"taxonomy":"post_tag","embeddable":true,"href":"https:\/\/lavereda.com.mx\/index.php\/wp-json\/wp\/v2\/tags?post=3224"}],"curies":[{"name":"wp","href":"https:\/\/api.w.org\/{rel}","templated":true}]}}