{"id":3201,"date":"2022-02-23T18:07:55","date_gmt":"2022-02-23T18:07:55","guid":{"rendered":"http:\/\/lavereda.com.mx\/?p=3201"},"modified":"2022-02-23T18:07:57","modified_gmt":"2022-02-23T18:07:57","slug":"con-una-riqueza-de-estilos-inauguran-la-muestra-mujeres-del-acervo","status":"publish","type":"post","link":"https:\/\/lavereda.com.mx\/index.php\/2022\/02\/23\/con-una-riqueza-de-estilos-inauguran-la-muestra-mujeres-del-acervo\/","title":{"rendered":"Con una riqueza de estilos inauguran la muestra \u201cMujeres del Acervo\u201d"},"content":{"rendered":"\n<p>Con diversos estilos y tem\u00e1ticas, una riqueza de lenguaje visual, fue inaugurada la noche de ayer la exposici\u00f3n \u201cMujeres del Acervo, del Museo Hist\u00f3rico de la Ciudad Casa del Cerro\u201d, en la galer\u00eda del Instituto Municipal de Cultura y Educaci\u00f3n (IMCE).&nbsp;<\/p>\n\n\n\n<p>Es la primera exposici\u00f3n del a\u00f1o que se inaugura en esta instituci\u00f3n y es una celebraci\u00f3n que sea obra \u00fanicamente de mujeres, en el marco del Mes de la Mujer que se conmemora en marzo.&nbsp;<\/p>\n\n\n\n<p>En palabras de Patricia G. Santiago, curadora, artista visual y directora del Museo Casa del Cerro, \u201cesta muestra tiene como objetivo la divulgaci\u00f3n del patrimonio art\u00edstico del Museo, dicho acervo se pretende consolidar como un referente de lenguajes visuales, aspecto indispensable para el conocimiento y la sensibilizaci\u00f3n de nuestra realidad\u201d.&nbsp;<\/p>\n\n\n\n<p>En la muestra participan 16 artistas que han desarrollado su profesi\u00f3n durante las \u00faltimas d\u00e9cadas, tal como Lilia Fischer (Rhiuxa), Estela de Argumedo y Carola S\u00e1nchez Navarro.&nbsp;&nbsp;Se exhibe la obra de reconocidas de artistas laguneras como Marcela L\u00f3pez, Adela Santib\u00e1\u00f1ez, Itziar Fernandez y Gloria Banda.&nbsp;&nbsp;As\u00ed tambi\u00e9n se aprecia obra representativa del cambio de milenio, una importante etapa de ebullici\u00f3n art\u00edstica en Torre\u00f3n, son las piezas de Ionne Villarreal, Rosa Mar\u00eda del Toro y Rosa Elena Gordillo.&nbsp;&nbsp;<\/p>\n\n\n\n<p>Se exibhen dos piezas de la artista internacional Ana Fuentes quien recientemente expuso en Nueva York en la VnV Gallery.&nbsp;&nbsp;En cuanto a la obra escult\u00f3rica, se pueden apreciar piezas de Itziar Fern\u00e1ndez y Linda Got\u00e9s.&nbsp;&nbsp;Entre las m\u00e1s recientes donaciones al Acervo, est\u00e1n Grito de Mujer de A\u00edda Chamut e Incendio antropog\u00e9nico I de Patricia G. Santiago.&nbsp;&nbsp;<\/p>\n\n\n\n<p>Quienes deseen conocer c\u00f3mo se ha conformado el estilo, el lenguaje visual de destacadas mujeres artistas que cuentan ya con una amplia trayectoria, deben acercarse a esta exposici\u00f3n, que puede visitarse de lunes a viernes de 8:00 a 16:00 horas.<\/p>\n","protected":false},"excerpt":{"rendered":"<p>Con diversos estilos y tem\u00e1ticas, una riqueza de lenguaje visual, fue inaugurada la noche de ayer la exposici\u00f3n \u201cMujeres del Acervo, del Museo Hist\u00f3rico de la Ciudad Casa del Cerro\u201d, &hellip; <a href=\"https:\/\/lavereda.com.mx\/index.php\/2022\/02\/23\/con-una-riqueza-de-estilos-inauguran-la-muestra-mujeres-del-acervo\/\" class=\"more-link\">Leer m\u00e1s<\/a><\/p>\n","protected":false},"author":9,"featured_media":3202,"comment_status":"open","ping_status":"open","sticky":false,"template":"","format":"standard","meta":{"footnotes":""},"categories":[3,18],"tags":[],"class_list":["post-3201","post","type-post","status-publish","format-standard","has-post-thumbnail","hentry","category-artes-visuales","category-lomasrelevante","entry"],"_links":{"self":[{"href":"https:\/\/lavereda.com.mx\/index.php\/wp-json\/wp\/v2\/posts\/3201","targetHints":{"allow":["GET"]}}],"collection":[{"href":"https:\/\/lavereda.com.mx\/index.php\/wp-json\/wp\/v2\/posts"}],"about":[{"href":"https:\/\/lavereda.com.mx\/index.php\/wp-json\/wp\/v2\/types\/post"}],"author":[{"embeddable":true,"href":"https:\/\/lavereda.com.mx\/index.php\/wp-json\/wp\/v2\/users\/9"}],"replies":[{"embeddable":true,"href":"https:\/\/lavereda.com.mx\/index.php\/wp-json\/wp\/v2\/comments?post=3201"}],"version-history":[{"count":1,"href":"https:\/\/lavereda.com.mx\/index.php\/wp-json\/wp\/v2\/posts\/3201\/revisions"}],"predecessor-version":[{"id":3203,"href":"https:\/\/lavereda.com.mx\/index.php\/wp-json\/wp\/v2\/posts\/3201\/revisions\/3203"}],"wp:featuredmedia":[{"embeddable":true,"href":"https:\/\/lavereda.com.mx\/index.php\/wp-json\/wp\/v2\/media\/3202"}],"wp:attachment":[{"href":"https:\/\/lavereda.com.mx\/index.php\/wp-json\/wp\/v2\/media?parent=3201"}],"wp:term":[{"taxonomy":"category","embeddable":true,"href":"https:\/\/lavereda.com.mx\/index.php\/wp-json\/wp\/v2\/categories?post=3201"},{"taxonomy":"post_tag","embeddable":true,"href":"https:\/\/lavereda.com.mx\/index.php\/wp-json\/wp\/v2\/tags?post=3201"}],"curies":[{"name":"wp","href":"https:\/\/api.w.org\/{rel}","templated":true}]}}