{"id":3197,"date":"2022-02-21T20:17:56","date_gmt":"2022-02-21T20:17:56","guid":{"rendered":"http:\/\/lavereda.com.mx\/?p=3197"},"modified":"2022-02-21T20:18:27","modified_gmt":"2022-02-21T20:18:27","slug":"celebran-el-dia-internacional-de-la-lengua-materna","status":"publish","type":"post","link":"https:\/\/lavereda.com.mx\/index.php\/2022\/02\/21\/celebran-el-dia-internacional-de-la-lengua-materna\/","title":{"rendered":"Celebran el D\u00eda Internacional de la Lengua Materna"},"content":{"rendered":"\n<p>En el marco del D\u00eda Internacional de la Lengua Materna, la Unidad Regional de Durango de Culturas Populares, Ind\u00edgenas y Urbanas, en coordinaci\u00f3n con la Direcci\u00f3n de Arte y Cultura de G\u00f3mez Palacio, present\u00f3 la mesa de di\u00e1logo \u201cMigraci\u00f3n y lengua materna\u201d, este lunes 21 de febrero a las 12:00 del mediod\u00eda, en el Foyer del Teatro Alberto M. Alvarado.<\/p>\n\n\n\n<p>Esta mesa cont\u00f3 con las ponentes la se\u00f1ora de origen mazahua, Mar\u00eda Guadalupe Onofre Ram\u00edrez y la Investigadora Lucila Navarrete Turrent. La doctora Rosario Varela fue la moderadora de esta actividad. Cada una de ellas cuenta con una gran trayectoria, experiencia y reconocimiento en este tema.<\/p>\n\n\n\n<p>Recordemos que este a\u00f1o se cumplen veinte y un a\u00f1os de celebrar el D\u00eda Internacional de la Lengua Materna, la cual fue una iniciativa de Bangladesh, aprobada en la Conferencia General de la UNESCO de 1999. Y debido a que la diversidad ling\u00fc\u00edstica se encuentra cada vez m\u00e1s amenazada con un mayor n\u00famero de lenguas que desaparecen por ser cada vez menos las personas hablantes, es que se hace m\u00e1s profunda la p\u00e9rdida de nuestro patrimonio cultural inmaterial e intelectual, por lo que este evento tiene como objetivo dar continuidad a la reflexi\u00f3n y difusi\u00f3n de la importancia de la salvaguardia de nuestras lenguas.<\/p>\n\n\n\n<p>A NIVEL NACIONAL<\/p>\n\n\n\n<p>La Secretar\u00eda de Cultura federal, a trav\u00e9s de sus instituciones, realiza actividades culturales donde se podr\u00e1 encontrar m\u00fasica, talleres, teatro, baile y m\u00e1s. <\/p>\n\n\n\n<p>El lunes 21 de febrero, a las 22:00 horas, el Canal Cultural de M\u00e9xico en la barra program\u00e1tica \u201cVisi\u00f3n perif\u00e9rica\u201d estrena el documental&nbsp;<em>Dungun<\/em>, de Pamela Peque\u00f1o. El jueves 24 de febrero, a las 22:30 horas, presenta la pel\u00edcula&nbsp;<em>Retorno a Aztl\u00e1n,<\/em>&nbsp;de Juan Mora Catlett. Adem\u00e1s, como parte de la Muestra de cine ind\u00edgena, el lunes 28, a las 22:00 horas presenta las cintas&nbsp;<em>Mnech Dizdea,<\/em>&nbsp;de Luis Carlos Galv\u00e1n;&nbsp;<em>Tz&#8217;\u00fcntz&#8217;\u00fc,<\/em>&nbsp;de Salvador Mart\u00ednez Chacruna; y&nbsp;<em>Mujer de tierra,<\/em>&nbsp;de Evelyn Mercedes Mu\u00f1oz Marroqu\u00edn.&nbsp;<\/p>\n\n\n\n<p>Mientras que, Radio Educaci\u00f3n, adem\u00e1s de su carta program\u00e1tica en la que las lenguas originarias de M\u00e9xico tienen presencia en series como&nbsp;<em>P\u00e1ak&#8217;al Nikt\u00e9. Sembraste Flores<\/em>&nbsp;o&nbsp;<em>Los renuevos del sabino<\/em>, llevar\u00e1 a cabo el conversatorio virtual \u201cVoces preservando la lengua. Nuevos talentos en lengua originaria\u201d, con la participaci\u00f3n de el grupo musical Juchirap, la artista Nereyda P\u00e9rez y la poeta y rapera S\u00f3tera Cruz; se transmite en vivo a trav\u00e9s de las redes sociales de la radiodifusora el 21 de febrero a las 16:00 horas.<\/p>\n\n\n\n<p>Adem\u00e1s, \u201cSon para bailar\u201d, en su emisi\u00f3n del 21 de febrero, tendr\u00e1 una selecci\u00f3n musical donde se escuchar\u00e1n, entre otras, las lenguas n\u00e1huatl, zapoteco, mixteco, yaqui y pur\u00e9pecha. De igual forma, en el programa \u201cHistoria viva\u2026 la voz del pueblo de M\u00e9xico\u201d se hablar\u00e1 sobre el rescate de las lenguas ind\u00edgenas.&nbsp;Radio Educaci\u00f3n, transmite a trav\u00e9s de sus se\u00f1ales en la Ciudad de M\u00e9xico en el 1060 AM y 96.5 FM; Se\u00f1al Cultura Sonora en el 104.3 FM, en Hermosillo; en M\u00e9rida, Yucat\u00e1n, en la Se\u00f1al Kukulk\u00e1n en el 107.9 FM; en Cultura M\u00e9xico Se\u00f1al 6185 de Onda Corta por la banda internacional de los 49 metros; para todo el mundo a trav\u00e9s de la p\u00e1gina electr\u00f3nica&nbsp;<a href=\"https:\/\/radioeducacion.edu.mx\/\" target=\"_blank\" rel=\"noreferrer noopener\">https:\/\/radioeducacion.edu.mx\/<\/a>,&nbsp;redes sociales y en la aplicaci\u00f3n disponible en los equipos iOS y Android.<\/p>\n\n\n\n<p>En tanto, la Direcci\u00f3n General de Culturas Populares, Ind\u00edgenas y Urbanas tendr\u00e1 alrededor de 40 actividades presenciales y virtuales, entre conferencias, conversatorios, presentaciones literarias y musicales, poes\u00eda, teatro, programas de radio, c\u00e1psulas en video y talleres relacionados con la lengua materna y sus portadores culturales.<\/p>\n","protected":false},"excerpt":{"rendered":"<p>En el marco del D\u00eda Internacional de la Lengua Materna, la Unidad Regional de Durango de Culturas Populares, Ind\u00edgenas y Urbanas, en coordinaci\u00f3n con la Direcci\u00f3n de Arte y Cultura &hellip; <a href=\"https:\/\/lavereda.com.mx\/index.php\/2022\/02\/21\/celebran-el-dia-internacional-de-la-lengua-materna\/\" class=\"more-link\">Leer m\u00e1s<\/a><\/p>\n","protected":false},"author":1,"featured_media":3198,"comment_status":"open","ping_status":"open","sticky":false,"template":"","format":"standard","meta":{"footnotes":""},"categories":[3,8],"tags":[],"class_list":["post-3197","post","type-post","status-publish","format-standard","has-post-thumbnail","hentry","category-artes-visuales","category-sociedad","entry"],"_links":{"self":[{"href":"https:\/\/lavereda.com.mx\/index.php\/wp-json\/wp\/v2\/posts\/3197","targetHints":{"allow":["GET"]}}],"collection":[{"href":"https:\/\/lavereda.com.mx\/index.php\/wp-json\/wp\/v2\/posts"}],"about":[{"href":"https:\/\/lavereda.com.mx\/index.php\/wp-json\/wp\/v2\/types\/post"}],"author":[{"embeddable":true,"href":"https:\/\/lavereda.com.mx\/index.php\/wp-json\/wp\/v2\/users\/1"}],"replies":[{"embeddable":true,"href":"https:\/\/lavereda.com.mx\/index.php\/wp-json\/wp\/v2\/comments?post=3197"}],"version-history":[{"count":2,"href":"https:\/\/lavereda.com.mx\/index.php\/wp-json\/wp\/v2\/posts\/3197\/revisions"}],"predecessor-version":[{"id":3200,"href":"https:\/\/lavereda.com.mx\/index.php\/wp-json\/wp\/v2\/posts\/3197\/revisions\/3200"}],"wp:featuredmedia":[{"embeddable":true,"href":"https:\/\/lavereda.com.mx\/index.php\/wp-json\/wp\/v2\/media\/3198"}],"wp:attachment":[{"href":"https:\/\/lavereda.com.mx\/index.php\/wp-json\/wp\/v2\/media?parent=3197"}],"wp:term":[{"taxonomy":"category","embeddable":true,"href":"https:\/\/lavereda.com.mx\/index.php\/wp-json\/wp\/v2\/categories?post=3197"},{"taxonomy":"post_tag","embeddable":true,"href":"https:\/\/lavereda.com.mx\/index.php\/wp-json\/wp\/v2\/tags?post=3197"}],"curies":[{"name":"wp","href":"https:\/\/api.w.org\/{rel}","templated":true}]}}