{"id":3194,"date":"2022-02-21T02:58:22","date_gmt":"2022-02-21T02:58:22","guid":{"rendered":"http:\/\/lavereda.com.mx\/?p=3194"},"modified":"2022-02-21T02:58:24","modified_gmt":"2022-02-21T02:58:24","slug":"abe","status":"publish","type":"post","link":"https:\/\/lavereda.com.mx\/index.php\/2022\/02\/21\/abe\/","title":{"rendered":"Abe"},"content":{"rendered":"\n<p><\/p>\n\n\n\n<p><strong>Abe, 2019<\/strong><\/p>\n\n\n\n<p><strong>Netflix<\/strong><\/p>\n\n\n\n<figure class=\"wp-block-embed is-type-video is-provider-youtube wp-block-embed-youtube wp-embed-aspect-16-9 wp-has-aspect-ratio\"><div class=\"wp-block-embed__wrapper\">\n<iframe title=\"ABE (2020) - Tr\u00e1iler Oficial Subtitulado en Espa\u00f1ol - Noah Schnapp, Sue Jorge\" width=\"1170\" height=\"658\" src=\"https:\/\/www.youtube.com\/embed\/clVsvWI_hgM?feature=oembed\" frameborder=\"0\" allow=\"accelerometer; autoplay; clipboard-write; encrypted-media; gyroscope; picture-in-picture\" allowfullscreen><\/iframe>\n<\/div><\/figure>\n\n\n\n<p>Las familias que viven divididas a causa de sus religiones o nacionalidades, deben echar un vistazo a la vida de Abe, un chico que no conoce su lugar en la vida, debido a que su pap\u00e1 es de ascendencia musulmana y su mam\u00e1, jud\u00eda. Y las discusiones sobre las creencias lo tienen harto.<\/p>\n\n\n\n<p>Noah Schnapp, el atormentado Will de Stanger Things, protagoniza esta inteligente comedia social, con matices de drama, de un adolescente citadino que tiene que sufrir a sus familias pol\u00edticas, debido a enconos que arrastran de d\u00e9cadas y siglos, por hacer que su fe prevalezca por encima de las de los dem\u00e1s.<\/p>\n\n\n\n<p>Para evadirse, el muchacho se refugia en la cocina, que es su gran pasatiempo y temprana pasi\u00f3n. Su gusto crece cuando se hace amigo de un chef brasile\u00f1o, que le ense\u00f1a nuevas recetas y le transmite un sentido filos\u00f3fico a las creaciones deliciosas que surgen de la cocina.<\/p>\n\n\n\n<p>La pel\u00edcula es una interesante reflexi\u00f3n sobre los efectos que tienen en la descendencia los prejuicios de los padres y los abuelos. Lo que se observa es una necesidad de dejar de lado conceptualizaciones de los or\u00edgenes familiares, que resultan in\u00fatiles para un muchacho que est\u00e1 en formaci\u00f3n y que, m\u00e1s que debates, necesita estar rodeado de atenci\u00f3n y amor.<\/p>\n\n\n\n<p>Excelente opci\u00f3n familiar.<\/p>\n\n\n\n<p>(B-15 Para mayores de 15 a\u00f1os, menores requieren supervisi\u00f3n.)<\/p>\n\n\n\n<p>@LucianoCamposG<\/p>\n","protected":false},"excerpt":{"rendered":"<p>Abe, 2019 Netflix Las familias que viven divididas a causa de sus religiones o nacionalidades, deben echar un vistazo a la vida de Abe, un chico que no conoce su &hellip; <a href=\"https:\/\/lavereda.com.mx\/index.php\/2022\/02\/21\/abe\/\" class=\"more-link\">Leer m\u00e1s<\/a><\/p>\n","protected":false},"author":3,"featured_media":3195,"comment_status":"open","ping_status":"open","sticky":false,"template":"","format":"standard","meta":{"footnotes":""},"categories":[6],"tags":[],"class_list":["post-3194","post","type-post","status-publish","format-standard","has-post-thumbnail","hentry","category-cinetv","entry"],"_links":{"self":[{"href":"https:\/\/lavereda.com.mx\/index.php\/wp-json\/wp\/v2\/posts\/3194","targetHints":{"allow":["GET"]}}],"collection":[{"href":"https:\/\/lavereda.com.mx\/index.php\/wp-json\/wp\/v2\/posts"}],"about":[{"href":"https:\/\/lavereda.com.mx\/index.php\/wp-json\/wp\/v2\/types\/post"}],"author":[{"embeddable":true,"href":"https:\/\/lavereda.com.mx\/index.php\/wp-json\/wp\/v2\/users\/3"}],"replies":[{"embeddable":true,"href":"https:\/\/lavereda.com.mx\/index.php\/wp-json\/wp\/v2\/comments?post=3194"}],"version-history":[{"count":1,"href":"https:\/\/lavereda.com.mx\/index.php\/wp-json\/wp\/v2\/posts\/3194\/revisions"}],"predecessor-version":[{"id":3196,"href":"https:\/\/lavereda.com.mx\/index.php\/wp-json\/wp\/v2\/posts\/3194\/revisions\/3196"}],"wp:featuredmedia":[{"embeddable":true,"href":"https:\/\/lavereda.com.mx\/index.php\/wp-json\/wp\/v2\/media\/3195"}],"wp:attachment":[{"href":"https:\/\/lavereda.com.mx\/index.php\/wp-json\/wp\/v2\/media?parent=3194"}],"wp:term":[{"taxonomy":"category","embeddable":true,"href":"https:\/\/lavereda.com.mx\/index.php\/wp-json\/wp\/v2\/categories?post=3194"},{"taxonomy":"post_tag","embeddable":true,"href":"https:\/\/lavereda.com.mx\/index.php\/wp-json\/wp\/v2\/tags?post=3194"}],"curies":[{"name":"wp","href":"https:\/\/api.w.org\/{rel}","templated":true}]}}