{"id":3184,"date":"2022-02-17T23:09:47","date_gmt":"2022-02-17T23:09:47","guid":{"rendered":"http:\/\/lavereda.com.mx\/?p=3184"},"modified":"2022-02-17T23:11:08","modified_gmt":"2022-02-17T23:11:08","slug":"las-virtudes-del-clarinete-en-el-cuarto-concierto-de-camerata-de-coahuila","status":"publish","type":"post","link":"https:\/\/lavereda.com.mx\/index.php\/2022\/02\/17\/las-virtudes-del-clarinete-en-el-cuarto-concierto-de-camerata-de-coahuila\/","title":{"rendered":"Las virtudes del clarinete en el cuarto concierto de Camerata de Coahuila"},"content":{"rendered":"\n<ul class=\"wp-block-list\"><li><strong><em>La direcci\u00f3n correr\u00e1 a cargo del maestro Ethan Eager<\/em><\/strong><\/li><\/ul>\n\n\n\n<p>Con obras de Franz Krommer y Felix Mendelssonh Camerata de Coahuila alista el cuarto concierto de la temporada Primavera Verano 2022, bajo la batuta del director lagunero Ethan Eager. La primera parte del programa incluir\u00e1 el&nbsp;\u201cConcierto para Clarinete No. 1 en Mi Bemol Mayor, Opus 36\u201d&nbsp;de Franz Krommer con la participaci\u00f3n como solista del maestro Fernando Guijarro Mora, integrante de la orquesta.<\/p>\n\n\n\n<p>La cita es este viernes 18 de febrero a las 20:30 horas, en el Teatro Isauro Mart\u00ednez con un aforo limitado.<\/p>\n\n\n\n<p>Con este concierto Krommer pretend\u00eda mostrar las virtudes del clarinete como instrumento l\u00edrico, y es un buen ejemplo de los conciertos de viento en la \u00e9poca de Beethoven.El maestro Fernando Guijarro Mora, inici\u00f3 sus estudios musicales en el Centro de Iniciaci\u00f3n Musical Infantil de la Ciudad de Veracruz. Posteriormente ingres\u00f3 a la Escuela Municipal de Bellas Artes de la misma ciudad, en donde recibi\u00f3 clases de los maestros Antol\u00edn Cevallos y Enrique Villegas. <\/p>\n\n\n\n<p>Al trasladarse a la ciudad de Xalapa, continu\u00f3 sus estudios en la Facultad de M\u00fasica de la Universidad Veracruzana con los maestros David Musheff, Abel P\u00e9rez y Juan Manuel Sol\u00eds, obteniendo el t\u00edtulo de Licenciado en M\u00fasica con opci\u00f3n en clarinete en 2004.Ha participado en diversos cursos impartidos por reconocidos clarinetistas como: Joaqu\u00edn Valdepe\u00f1as, Marino Cappelleti, Philippe Cuper, Luis Humberto Ramos, Walter Boeykens, Hans Colbers y Michael Rusinek.En julio de 2005, recibi\u00f3 la medalla&nbsp;\u201cDr.&nbsp;Vicente F.&nbsp;Melo\u201d&nbsp;por parte del Instituto Veracruzano de Bellas Artes por su trayectoria profesional. Actualmente es clarinete en Camerata de Coahuila y maestro en el Instituto de M\u00fasica de Coahuila.<\/p>\n\n\n\n<p>En la segunda parte del concierto la orquesta presentar\u00e1 la&nbsp;\u201cSinfon\u00eda No.1 en do menor, Opus 11\u201d&nbsp;de Felix Mendelssonh, obra que fue terminada el 31 de marzo de 1824, cuando el compositor ten\u00eda solo 15 a\u00f1os, tiene un total de cuatro movimientos.<\/p>\n\n\n\n<p>Este concierto contar\u00e1 con la direcci\u00f3n del maestro Ethan Eager, qui\u00e9n este a\u00f1o se integr\u00f3 como asistente de direcci\u00f3n en Camerata de Coahuila; Del 2014 al 2019, Ethan Eager ha participado en varias ocasiones como director invitado en conciertos did\u00e1cticos con Camerata de Coahuila. Actualmente es el director del Instituto de M\u00fasica de Coahuila.<\/p>\n\n\n\n<p><\/p>\n","protected":false},"excerpt":{"rendered":"<p>La direcci\u00f3n correr\u00e1 a cargo del maestro Ethan Eager Con obras de Franz Krommer y Felix Mendelssonh Camerata de Coahuila alista el cuarto concierto de la temporada Primavera Verano 2022, &hellip; <a href=\"https:\/\/lavereda.com.mx\/index.php\/2022\/02\/17\/las-virtudes-del-clarinete-en-el-cuarto-concierto-de-camerata-de-coahuila\/\" class=\"more-link\">Leer m\u00e1s<\/a><\/p>\n","protected":false},"author":1,"featured_media":3185,"comment_status":"open","ping_status":"open","sticky":false,"template":"","format":"standard","meta":{"footnotes":""},"categories":[18,4],"tags":[],"class_list":["post-3184","post","type-post","status-publish","format-standard","has-post-thumbnail","hentry","category-lomasrelevante","category-musica","entry"],"_links":{"self":[{"href":"https:\/\/lavereda.com.mx\/index.php\/wp-json\/wp\/v2\/posts\/3184","targetHints":{"allow":["GET"]}}],"collection":[{"href":"https:\/\/lavereda.com.mx\/index.php\/wp-json\/wp\/v2\/posts"}],"about":[{"href":"https:\/\/lavereda.com.mx\/index.php\/wp-json\/wp\/v2\/types\/post"}],"author":[{"embeddable":true,"href":"https:\/\/lavereda.com.mx\/index.php\/wp-json\/wp\/v2\/users\/1"}],"replies":[{"embeddable":true,"href":"https:\/\/lavereda.com.mx\/index.php\/wp-json\/wp\/v2\/comments?post=3184"}],"version-history":[{"count":2,"href":"https:\/\/lavereda.com.mx\/index.php\/wp-json\/wp\/v2\/posts\/3184\/revisions"}],"predecessor-version":[{"id":3187,"href":"https:\/\/lavereda.com.mx\/index.php\/wp-json\/wp\/v2\/posts\/3184\/revisions\/3187"}],"wp:featuredmedia":[{"embeddable":true,"href":"https:\/\/lavereda.com.mx\/index.php\/wp-json\/wp\/v2\/media\/3185"}],"wp:attachment":[{"href":"https:\/\/lavereda.com.mx\/index.php\/wp-json\/wp\/v2\/media?parent=3184"}],"wp:term":[{"taxonomy":"category","embeddable":true,"href":"https:\/\/lavereda.com.mx\/index.php\/wp-json\/wp\/v2\/categories?post=3184"},{"taxonomy":"post_tag","embeddable":true,"href":"https:\/\/lavereda.com.mx\/index.php\/wp-json\/wp\/v2\/tags?post=3184"}],"curies":[{"name":"wp","href":"https:\/\/api.w.org\/{rel}","templated":true}]}}