{"id":3178,"date":"2022-02-16T20:38:38","date_gmt":"2022-02-16T20:38:38","guid":{"rendered":"http:\/\/lavereda.com.mx\/?p=3178"},"modified":"2022-02-16T20:38:40","modified_gmt":"2022-02-16T20:38:40","slug":"museo-arocena-anuncia-actividades-en-febrero-y-marzo","status":"publish","type":"post","link":"https:\/\/lavereda.com.mx\/index.php\/2022\/02\/16\/museo-arocena-anuncia-actividades-en-febrero-y-marzo\/","title":{"rendered":"Museo Arocena anuncia actividades en febrero y marzo"},"content":{"rendered":"\n<p>Ubicado en el coraz\u00f3n de la ciudad, el centro hist\u00f3rico, el Museo Arocena es uno de los recintos culturales m\u00e1s visitados por las y los laguneros. El d\u00eda de ayer la directora Fabiola Favila y su personal dieron a conocer las actividades del mes de febrero y marzo, con una agenda que involucra a todos los p\u00fablicos.<\/p>\n\n\n\n<p>En el marco de la exposici\u00f3n Pelegr\u00edn Clav\u00e9. Origen y sentido (1811 \u2013 1880), se ofrecer\u00e1 un ciclo de charlas en formato digital que tienen como objetivo profundizar en la vida, obra y contexto de este pintor, indispensable para comprender la pintura acad\u00e9mica en el M\u00e9xico del siglo XIX.&nbsp;<\/p>\n\n\n\n<p>Las transmisiones son por Facebook Live y YouTube 6:00 p.m. La siguiente es el mi\u00e9rcoles 23 de febrero \u201cHistoria de la moda en M\u00e9xico durante el siglo XIX\u201d por<br>Marco Antonio Silva Bar\u00f3n, historiador del arte, curador, gestor cultural y educador.&nbsp;<\/p>\n\n\n\n<p>Tambi\u00e9n dieron inicio las Charlas con arquitectos, la siguiente es el jueves 17 de febrero a las 18:00 horas y el tema ser\u00e1 \u201cLa casa cabellero\u201d. El foro es organizado por el Museo Arocena y la Escuela de Arquitectura de la Universidad Aut\u00f3noma de Coahuila, con el fin de destacar la relevancia de este arquitecto en el norte mexicano y promover la valoraci\u00f3n de nuestro patrimonio.&nbsp;<\/p>\n\n\n\n<p>Una de las actividades m\u00e1s exitosas del museo es los domingos de Cuentacuentos. El siguiente ser\u00e1 el 6 de marzo a las 12:00 horas con un aforo limitado a 60 personas y uso de cubrebocas obligatorio. Participa el mimo Er\u00f3n Vargas con el cuento \u201cTarzana\u201d.<\/p>\n\n\n\n<p>En marzo llegar\u00e1 una relevante exposici\u00f3n al recinto. Se trata de \u201cKatharsis. Im\u00e1genes de la lucha libre en M\u00e9xico, 1940 \u2013 2007\u201d.<\/p>\n\n\n\n<p>Posicionada en el gusto popular desde los a\u00f1os treinta del siglo pasado, la lucha libre ha sido para los mexicanos algo m\u00e1s que una afici\u00f3n deportiva. Sin duda, los luchadores son representantes modernos de un oficio que recuerda a las antiguas batallas de gladiadores romanos y guerreros aztecas.&nbsp;<\/p>\n\n\n\n<p>La exposici\u00f3n conformada con im\u00e1genes procedentes de las Colecciones Fotogr\u00e1ficas de Fundaci\u00f3n Televisa, es un recorrido documental y art\u00edstico por los \u00e1mbitos reales e imaginarios del mundo de la lucha libre mexicana.&nbsp;<\/p>\n\n\n\n<p>La inauguraci\u00f3n ser\u00e1 el jueves 24 de marzo a las 7:00 p.m. en el anexo Edificio Russek.<\/p>\n","protected":false},"excerpt":{"rendered":"<p>Ubicado en el coraz\u00f3n de la ciudad, el centro hist\u00f3rico, el Museo Arocena es uno de los recintos culturales m\u00e1s visitados por las y los laguneros. El d\u00eda de ayer &hellip; <a href=\"https:\/\/lavereda.com.mx\/index.php\/2022\/02\/16\/museo-arocena-anuncia-actividades-en-febrero-y-marzo\/\" class=\"more-link\">Leer m\u00e1s<\/a><\/p>\n","protected":false},"author":9,"featured_media":3179,"comment_status":"open","ping_status":"open","sticky":false,"template":"","format":"standard","meta":{"footnotes":""},"categories":[3],"tags":[],"class_list":["post-3178","post","type-post","status-publish","format-standard","has-post-thumbnail","hentry","category-artes-visuales","entry"],"_links":{"self":[{"href":"https:\/\/lavereda.com.mx\/index.php\/wp-json\/wp\/v2\/posts\/3178","targetHints":{"allow":["GET"]}}],"collection":[{"href":"https:\/\/lavereda.com.mx\/index.php\/wp-json\/wp\/v2\/posts"}],"about":[{"href":"https:\/\/lavereda.com.mx\/index.php\/wp-json\/wp\/v2\/types\/post"}],"author":[{"embeddable":true,"href":"https:\/\/lavereda.com.mx\/index.php\/wp-json\/wp\/v2\/users\/9"}],"replies":[{"embeddable":true,"href":"https:\/\/lavereda.com.mx\/index.php\/wp-json\/wp\/v2\/comments?post=3178"}],"version-history":[{"count":1,"href":"https:\/\/lavereda.com.mx\/index.php\/wp-json\/wp\/v2\/posts\/3178\/revisions"}],"predecessor-version":[{"id":3180,"href":"https:\/\/lavereda.com.mx\/index.php\/wp-json\/wp\/v2\/posts\/3178\/revisions\/3180"}],"wp:featuredmedia":[{"embeddable":true,"href":"https:\/\/lavereda.com.mx\/index.php\/wp-json\/wp\/v2\/media\/3179"}],"wp:attachment":[{"href":"https:\/\/lavereda.com.mx\/index.php\/wp-json\/wp\/v2\/media?parent=3178"}],"wp:term":[{"taxonomy":"category","embeddable":true,"href":"https:\/\/lavereda.com.mx\/index.php\/wp-json\/wp\/v2\/categories?post=3178"},{"taxonomy":"post_tag","embeddable":true,"href":"https:\/\/lavereda.com.mx\/index.php\/wp-json\/wp\/v2\/tags?post=3178"}],"curies":[{"name":"wp","href":"https:\/\/api.w.org\/{rel}","templated":true}]}}