{"id":3171,"date":"2022-02-15T03:40:17","date_gmt":"2022-02-15T03:40:17","guid":{"rendered":"http:\/\/lavereda.com.mx\/?p=3171"},"modified":"2022-02-15T03:40:19","modified_gmt":"2022-02-15T03:40:19","slug":"invitan-a-participar-en-la-convocatoria-pacmyc-2022","status":"publish","type":"post","link":"https:\/\/lavereda.com.mx\/index.php\/2022\/02\/15\/invitan-a-participar-en-la-convocatoria-pacmyc-2022\/","title":{"rendered":"Invitan a participar en la convocatoria PACMYC 2022"},"content":{"rendered":"\n<ul class=\"wp-block-list\"><li><em><strong>Hasta el 15 de abril de este a\u00f1o, colectivos ind\u00edgenas, afrodescendientes, grupos vulnerables o mestizos podr\u00e1n enviar sus propuestas para realizar intervenciones y proyectos culturales<\/strong>.<\/em><\/li><\/ul>\n\n\n\n<p>La Secretar\u00eda de Cultura federal, a trav\u00e9s de la Direcci\u00f3n General de Culturas Populares, Ind\u00edgenas y Urbanas (DGCPIU), y las secretar\u00edas, institutos, consejos y direcciones de Cultura de las entidades del pa\u00eds, anuncian el lanzamiento de la convocatoria del Programa de Acciones Culturales Multiling\u00fces y Comunitarias (PACMyC) 2022.&nbsp;<\/p>\n\n\n\n<p>Podr\u00e1n participar grupos informales de ind\u00edgenas, afrodescendientes, grupos vulnerables o mestizos organizados en colectivos, mayordom\u00edas, cofrad\u00edas, consejos de ancianos y gremios de creadoras y\/o creadores. Los proyectos deber\u00e1n ser impulsados por los habitantes de las comunidades, lo que conllevar\u00e1 al beneficio y la participaci\u00f3n comunitaria.&nbsp;<\/p>\n\n\n\n<p>El registro est\u00e1 abierto hasta el 15 de abril del presente a\u00f1o para inscribir un proyecto o intervenci\u00f3n cultural que tenga como meta la salvaguardia de alguno o algunos elementos de su patrimonio cultural inmaterial.&nbsp;<\/p>\n\n\n\n<p>Las personas interesadas deber\u00e1n vivir en la comunidad en la que desean incidir y formar parte de un grupo de m\u00ednimo cinco integrantes mayores de edad. Sus propuestas tendr\u00e1n que contribuir en el desarrollo de la diversidad cultural a trav\u00e9s de la promoci\u00f3n de actividades culturales locales, creatividad, autogesti\u00f3n y procesos de investigaci\u00f3n.&nbsp;<\/p>\n\n\n\n<p>Los \u00e1mbitos culturales de participaci\u00f3n son: Cosmovisiones (La tierra como madre y como territorio y Los seres sagrados, entre otras), Pr\u00e1cticas de comunalidad (El consenso en asamblea para la toma de decisiones y Ritos y ceremonias como expresi\u00f3n comunal, por mencionar algunas), Artes populares (De la palabra oral o escrita, Danzas, Esc\u00e9nicas, Pl\u00e1sticas, Visuales y Musicales), Culturas alimentarias (Alimentos tradicionales y sagrados, Alimentos y recetas que curan, Rituales asociados a la alimentaci\u00f3n, Alimentos y pr\u00e1cticas en peligro de desaparecer), Tecnolog\u00edas tradicionales (Agr\u00edcolas, Caza, Crianza de animales, Pesca, Recolecci\u00f3n y cultivo de plantas, Textiles y del vestido y Dom\u00e9sticas), Pedagog\u00edas comunitarias (Artes, Oficios, Cargos y Pautas de crianza), adem\u00e1s de Protecci\u00f3n de los Derechos Colectivos (Documentaci\u00f3n de pr\u00e1cticas, Reflexi\u00f3n colectiva y Promoci\u00f3n).&nbsp;<\/p>\n\n\n\n<p>Las personas participantes deber\u00e1n considerar los puntos que se se\u00f1alan en la Gu\u00eda de elaboraci\u00f3n de intervenciones y proyectos culturales comunitarios (incluida en la convocatoria); as\u00ed como entregar sus propuestas, ya sea en las oficinas de la entidad donde se desarrollar\u00e1n las actividades (el directorio viene al final de la convocatoria) y\/o en formato digital.&nbsp;<\/p>\n\n\n\n<p>El detalle de las bases, requisitos y formas de entrega de las intervenciones o proyectos culturales de esta convocatoria se podr\u00e1 consultar en la p\u00e1gina de la Secretar\u00eda de Cultura federal (<a href=\"https:\/\/www.cultura.gob.mx\/gobmx\/convocatorias\/\" target=\"_blank\" rel=\"noreferrer noopener\">https:\/\/www.cultura.gob.mx\/gobmx\/convocatorias\/<\/a>) y de la DGCPI (<a href=\"https:\/\/culturaspopulareseindigenas.gob.mx\/\" target=\"_blank\" rel=\"noreferrer noopener\">https:\/\/culturaspopulareseindigenas.gob.mx\/<\/a>).&nbsp;<\/p>\n\n\n\n<p>Es importante mencionar que el PACMyC opera de manera descentralizada. Cada entidad de la Rep\u00fablica cuenta con una Comisi\u00f3n de Planeaci\u00f3n y Apoyo a la Creaci\u00f3n Popular (Cacrep), instancia ciudadana que contribuye a un mejor desarrollo de la convocatoria. Esta nombrar\u00e1 a un jurado que se encargar\u00e1 de elegir las intervenciones y proyectos culturales comunitarios en cada entidad federativa. Los resultados se dar\u00e1n a conocer en las p\u00e1ginas web de la instancia federal y estatal participantes.&nbsp;<\/p>\n","protected":false},"excerpt":{"rendered":"<p>Hasta el 15 de abril de este a\u00f1o, colectivos ind\u00edgenas, afrodescendientes, grupos vulnerables o mestizos podr\u00e1n enviar sus propuestas para realizar intervenciones y proyectos culturales. La Secretar\u00eda de Cultura federal, &hellip; <a href=\"https:\/\/lavereda.com.mx\/index.php\/2022\/02\/15\/invitan-a-participar-en-la-convocatoria-pacmyc-2022\/\" class=\"more-link\">Leer m\u00e1s<\/a><\/p>\n","protected":false},"author":1,"featured_media":3172,"comment_status":"open","ping_status":"open","sticky":false,"template":"","format":"standard","meta":{"footnotes":""},"categories":[3,8],"tags":[],"class_list":["post-3171","post","type-post","status-publish","format-standard","has-post-thumbnail","hentry","category-artes-visuales","category-sociedad","entry"],"_links":{"self":[{"href":"https:\/\/lavereda.com.mx\/index.php\/wp-json\/wp\/v2\/posts\/3171","targetHints":{"allow":["GET"]}}],"collection":[{"href":"https:\/\/lavereda.com.mx\/index.php\/wp-json\/wp\/v2\/posts"}],"about":[{"href":"https:\/\/lavereda.com.mx\/index.php\/wp-json\/wp\/v2\/types\/post"}],"author":[{"embeddable":true,"href":"https:\/\/lavereda.com.mx\/index.php\/wp-json\/wp\/v2\/users\/1"}],"replies":[{"embeddable":true,"href":"https:\/\/lavereda.com.mx\/index.php\/wp-json\/wp\/v2\/comments?post=3171"}],"version-history":[{"count":1,"href":"https:\/\/lavereda.com.mx\/index.php\/wp-json\/wp\/v2\/posts\/3171\/revisions"}],"predecessor-version":[{"id":3173,"href":"https:\/\/lavereda.com.mx\/index.php\/wp-json\/wp\/v2\/posts\/3171\/revisions\/3173"}],"wp:featuredmedia":[{"embeddable":true,"href":"https:\/\/lavereda.com.mx\/index.php\/wp-json\/wp\/v2\/media\/3172"}],"wp:attachment":[{"href":"https:\/\/lavereda.com.mx\/index.php\/wp-json\/wp\/v2\/media?parent=3171"}],"wp:term":[{"taxonomy":"category","embeddable":true,"href":"https:\/\/lavereda.com.mx\/index.php\/wp-json\/wp\/v2\/categories?post=3171"},{"taxonomy":"post_tag","embeddable":true,"href":"https:\/\/lavereda.com.mx\/index.php\/wp-json\/wp\/v2\/tags?post=3171"}],"curies":[{"name":"wp","href":"https:\/\/api.w.org\/{rel}","templated":true}]}}