{"id":3160,"date":"2022-02-11T20:32:39","date_gmt":"2022-02-11T20:32:39","guid":{"rendered":"http:\/\/lavereda.com.mx\/?p=3160"},"modified":"2022-02-11T20:32:40","modified_gmt":"2022-02-11T20:32:40","slug":"la-banda-municipal-lleva-su-musica-a-la-casa-del-cerro","status":"publish","type":"post","link":"https:\/\/lavereda.com.mx\/index.php\/2022\/02\/11\/la-banda-municipal-lleva-su-musica-a-la-casa-del-cerro\/","title":{"rendered":"La Banda Municipal lleva su m\u00fasica a la Casa del Cerro"},"content":{"rendered":"\n<p>La Casa del Cerro es el escenario que recibir\u00e1 a la Banda Municipal de Torre\u00f3n este s\u00e1bado 12 de febrero en punto de las 11:00 horas. El concierto que ha preparado la agrupaci\u00f3n bajo la direcci\u00f3n del maestro Juan Barrios, incluye un programa para celebrar el mes del amor y la amistad. La entrada es libre con uso obligatorio de cubrebocas.<\/p>\n\n\n\n<p>El Museo Hist\u00f3rico de la Ciudad Casa del Cerro cumpli\u00f3 recientemente 28 a\u00f1os de existencia como recinto cultural. El 4 de diciembre de 1993 fue inaugurado como museo este espacio construido por Federico Wulff a inicios del siglo XX. Hoy es uno de los m\u00e1s grandes orgullos de nuestro patrimonio hist\u00f3rico.<\/p>\n\n\n\n<p>En esta ocasi\u00f3n la Banda Municipal ofrecer\u00e1 temas como:&nbsp;<em>Solamente una vez<\/em>&nbsp;de Agust\u00edn Lara,&nbsp;<em>Extra\u00f1os en la noche<\/em>&nbsp;de B. Kaempert,&nbsp;<em>Por ti Volar\u00e9&nbsp;<\/em>de Sartori,&nbsp;<em>Dont Stop me Now<\/em>&nbsp;de F. Mercury,&nbsp;<em>En mi coraz\u00f3n estar\u00e1s<\/em>&nbsp;de P. Collins,&nbsp;<em>Hasta que te conoc\u00ed<\/em>&nbsp;de A. Valadez, popurr\u00ed de Juan Gabriel,&nbsp;<em>What a wonderful world<\/em>, entre otras obras.<\/p>\n\n\n\n<p>El acceso es libre para todo p\u00fablico y sus familias, con la solicitud a los asistentes de seguir todos los protocolos de salud para ofrecer una experiencia sana y segura.&nbsp;<\/p>\n\n\n\n<p><strong>SOBRE LA LA BANDA MUNICIPAL<\/strong><\/p>\n\n\n\n<p>La agrupaci\u00f3n fundada en 1907, inicia el 2022 ejerciendo un programa cultural permanente dentro del cual&nbsp;&nbsp;ofrecer\u00e1 conciertos en diversos espacios&nbsp;&nbsp;p\u00fablicos en las colonias y ejidos de todo el municipio.<\/p>\n\n\n\n<p>A trav\u00e9s de las d\u00e9cadas, la Banda ha sido uno de los activos culturales m\u00e1s importantes de la ciudad, que la convierten en un referente en la historia de Torre\u00f3n.&nbsp;&nbsp;Desde 2010 es dirigida por el maestro Juan Manuel Barrios Ch\u00e1vez y est\u00e1 conformada por 34 integrantes laguneros y laguneras.<\/p>\n","protected":false},"excerpt":{"rendered":"<p>La Casa del Cerro es el escenario que recibir\u00e1 a la Banda Municipal de Torre\u00f3n este s\u00e1bado 12 de febrero en punto de las 11:00 horas. El concierto que ha &hellip; <a href=\"https:\/\/lavereda.com.mx\/index.php\/2022\/02\/11\/la-banda-municipal-lleva-su-musica-a-la-casa-del-cerro\/\" class=\"more-link\">Leer m\u00e1s<\/a><\/p>\n","protected":false},"author":1,"featured_media":3161,"comment_status":"open","ping_status":"open","sticky":false,"template":"","format":"standard","meta":{"footnotes":""},"categories":[18,4],"tags":[],"class_list":["post-3160","post","type-post","status-publish","format-standard","has-post-thumbnail","hentry","category-lomasrelevante","category-musica","entry"],"_links":{"self":[{"href":"https:\/\/lavereda.com.mx\/index.php\/wp-json\/wp\/v2\/posts\/3160","targetHints":{"allow":["GET"]}}],"collection":[{"href":"https:\/\/lavereda.com.mx\/index.php\/wp-json\/wp\/v2\/posts"}],"about":[{"href":"https:\/\/lavereda.com.mx\/index.php\/wp-json\/wp\/v2\/types\/post"}],"author":[{"embeddable":true,"href":"https:\/\/lavereda.com.mx\/index.php\/wp-json\/wp\/v2\/users\/1"}],"replies":[{"embeddable":true,"href":"https:\/\/lavereda.com.mx\/index.php\/wp-json\/wp\/v2\/comments?post=3160"}],"version-history":[{"count":1,"href":"https:\/\/lavereda.com.mx\/index.php\/wp-json\/wp\/v2\/posts\/3160\/revisions"}],"predecessor-version":[{"id":3162,"href":"https:\/\/lavereda.com.mx\/index.php\/wp-json\/wp\/v2\/posts\/3160\/revisions\/3162"}],"wp:featuredmedia":[{"embeddable":true,"href":"https:\/\/lavereda.com.mx\/index.php\/wp-json\/wp\/v2\/media\/3161"}],"wp:attachment":[{"href":"https:\/\/lavereda.com.mx\/index.php\/wp-json\/wp\/v2\/media?parent=3160"}],"wp:term":[{"taxonomy":"category","embeddable":true,"href":"https:\/\/lavereda.com.mx\/index.php\/wp-json\/wp\/v2\/categories?post=3160"},{"taxonomy":"post_tag","embeddable":true,"href":"https:\/\/lavereda.com.mx\/index.php\/wp-json\/wp\/v2\/tags?post=3160"}],"curies":[{"name":"wp","href":"https:\/\/api.w.org\/{rel}","templated":true}]}}