{"id":3148,"date":"2022-02-10T00:31:41","date_gmt":"2022-02-10T00:31:41","guid":{"rendered":"http:\/\/lavereda.com.mx\/?p=3148"},"modified":"2022-02-10T00:33:14","modified_gmt":"2022-02-10T00:33:14","slug":"filarmonica-de-coahuila-presenta-tango-para-vos","status":"publish","type":"post","link":"https:\/\/lavereda.com.mx\/index.php\/2022\/02\/10\/filarmonica-de-coahuila-presenta-tango-para-vos\/","title":{"rendered":"Filarm\u00f3nica de Coahuila presenta \u00abTango para vos\u00bb"},"content":{"rendered":"\n<ul class=\"wp-block-list\"><li><strong><em>Los solistas son Yayo Gonz\u00e1lez, voz y guitarra (Pat\u00e9 de Fu\u00e1) y en el bandone\u00f3n la actuaci\u00f3n del lagunero Ra\u00fal J\u00e1quez.<\/em><\/strong><\/li><\/ul>\n\n\n\n<p>La Secretar\u00eda de Cultura de Coahuila dio a conocer que arranca la temporada de conciertos \u2018Serie Molto Vivace 2022\u2019 de la Orquesta Filarm\u00f3nica de Coahuila (OFDC) este jueves 24 de febrero a las 20:30 horas en el Teatro de la Ciudad \u201cFernando Soler\u201d, con el concierto \u201cTango para Vos\u201d.<\/p>\n\n\n\n<blockquote class=\"wp-block-quote is-layout-flow wp-block-quote-is-layout-flow\"><p>\u201cEs un gusto recibir nuevamente en tierras coahuilenses a Yayo Gonzales, quien junto al maestro Ra\u00fal J\u00e1quez y la OFDC nos brindar\u00e1n un espectacular concierto\u201d, inform\u00f3 la SC.<\/p><\/blockquote>\n\n\n\n<p>\u201cTango para Vos\u201d tendr\u00e1 como solista a Yayo Gonz\u00e1lez, voz y guitarra (Pat\u00e9 de Fu\u00e1); en el bandone\u00f3n tendremos la actuaci\u00f3n del lagunero Ra\u00fal J\u00e1quez, bajo la direcci\u00f3n art\u00edstica de\u00a0\u00a0Natanael Espinoza, quienes presentar\u00e1n un interesante\u00a0\u00a0programa musical integrado por piezas como\u00a0\u00a0Adi\u00f3s Nonino, Por una cabeza, Los ejes de mi carreta, Uno, Volver, Oblivi\u00f3n, El d\u00eda que me quieras, El \u00faltimo caf\u00e9, Cumparcita, A media luz y Mano a mano, entre otras.<\/p>\n\n\n\n<figure class=\"wp-block-image size-large\"><img fetchpriority=\"high\" decoding=\"async\" width=\"1000\" height=\"667\" src=\"https:\/\/lavereda.com.mx\/wp-content\/uploads\/2022\/02\/264109047_5135640283169218_5126733995436967420_n.jpg\" alt=\"\" class=\"wp-image-3150\" srcset=\"https:\/\/lavereda.com.mx\/wp-content\/uploads\/2022\/02\/264109047_5135640283169218_5126733995436967420_n.jpg 1000w, https:\/\/lavereda.com.mx\/wp-content\/uploads\/2022\/02\/264109047_5135640283169218_5126733995436967420_n-300x200.jpg 300w, https:\/\/lavereda.com.mx\/wp-content\/uploads\/2022\/02\/264109047_5135640283169218_5126733995436967420_n-768x512.jpg 768w\" sizes=\"(max-width: 1000px) 100vw, 1000px\" \/><\/figure>\n\n\n\n<p>Para esta temporada se seguir\u00e1 la modalidad h\u00edbrida, esperando que la actividad presencial siga retom\u00e1ndose.<\/p>\n\n\n\n<p>El acceso a este concierto inaugural ser\u00e1 libre, s\u00f3lo se deber\u00e1 contar con boletos que se estar\u00e1n repartiendo en diversos lugares.<\/p>\n\n\n\n<p>Por su parte, Natanael Espinoza dio a conocer que cada nuevo concierto de esta temporada propone un proyecto diferente, a fin de que el p\u00fablico tenga un encuentro cercano y ameno con la m\u00fasica de esta agrupaci\u00f3n.<\/p>\n","protected":false},"excerpt":{"rendered":"<p>Los solistas son Yayo Gonz\u00e1lez, voz y guitarra (Pat\u00e9 de Fu\u00e1) y en el bandone\u00f3n la actuaci\u00f3n del lagunero Ra\u00fal J\u00e1quez. La Secretar\u00eda de Cultura de Coahuila dio a conocer &hellip; <a href=\"https:\/\/lavereda.com.mx\/index.php\/2022\/02\/10\/filarmonica-de-coahuila-presenta-tango-para-vos\/\" class=\"more-link\">Leer m\u00e1s<\/a><\/p>\n","protected":false},"author":1,"featured_media":3149,"comment_status":"open","ping_status":"open","sticky":false,"template":"","format":"standard","meta":{"footnotes":""},"categories":[18,4],"tags":[],"class_list":["post-3148","post","type-post","status-publish","format-standard","has-post-thumbnail","hentry","category-lomasrelevante","category-musica","entry"],"_links":{"self":[{"href":"https:\/\/lavereda.com.mx\/index.php\/wp-json\/wp\/v2\/posts\/3148","targetHints":{"allow":["GET"]}}],"collection":[{"href":"https:\/\/lavereda.com.mx\/index.php\/wp-json\/wp\/v2\/posts"}],"about":[{"href":"https:\/\/lavereda.com.mx\/index.php\/wp-json\/wp\/v2\/types\/post"}],"author":[{"embeddable":true,"href":"https:\/\/lavereda.com.mx\/index.php\/wp-json\/wp\/v2\/users\/1"}],"replies":[{"embeddable":true,"href":"https:\/\/lavereda.com.mx\/index.php\/wp-json\/wp\/v2\/comments?post=3148"}],"version-history":[{"count":3,"href":"https:\/\/lavereda.com.mx\/index.php\/wp-json\/wp\/v2\/posts\/3148\/revisions"}],"predecessor-version":[{"id":3154,"href":"https:\/\/lavereda.com.mx\/index.php\/wp-json\/wp\/v2\/posts\/3148\/revisions\/3154"}],"wp:featuredmedia":[{"embeddable":true,"href":"https:\/\/lavereda.com.mx\/index.php\/wp-json\/wp\/v2\/media\/3149"}],"wp:attachment":[{"href":"https:\/\/lavereda.com.mx\/index.php\/wp-json\/wp\/v2\/media?parent=3148"}],"wp:term":[{"taxonomy":"category","embeddable":true,"href":"https:\/\/lavereda.com.mx\/index.php\/wp-json\/wp\/v2\/categories?post=3148"},{"taxonomy":"post_tag","embeddable":true,"href":"https:\/\/lavereda.com.mx\/index.php\/wp-json\/wp\/v2\/tags?post=3148"}],"curies":[{"name":"wp","href":"https:\/\/api.w.org\/{rel}","templated":true}]}}