{"id":3144,"date":"2022-02-09T03:13:57","date_gmt":"2022-02-09T03:13:57","guid":{"rendered":"http:\/\/lavereda.com.mx\/?p=3144"},"modified":"2022-02-09T03:13:59","modified_gmt":"2022-02-09T03:13:59","slug":"llegan-a-mexico-piezas-arqueologicas-repatriadas-de-estados-unidos","status":"publish","type":"post","link":"https:\/\/lavereda.com.mx\/index.php\/2022\/02\/09\/llegan-a-mexico-piezas-arqueologicas-repatriadas-de-estados-unidos\/","title":{"rendered":"Llegan a M\u00e9xico piezas arqueol\u00f3gicas repatriadas de Estados Unidos"},"content":{"rendered":"\n<p>El pasado fin de semana, dos piezas arqueol\u00f3gicas: una urna de barro y una m\u00e1scara de roca adem\u00e1s de un libro que data del a\u00f1o 1715 llegaron a la Ciudad de M\u00e9xico, provenientes de Nueva York, Estados Unidos, tras ser entregadas de manera voluntaria por particulares al consulado de M\u00e9xico en esa entidad.<\/p>\n\n\n\n<p>Las piezas fueron dictaminadas por especialistas del Instituto Nacional de Antropolog\u00eda e Historia (INAH), quienes determinaron, a partir de sus caracter\u00edsticas morfol\u00f3gicas y estil\u00edsticas, que se trata de objetos propiedad de la naci\u00f3n mexicana y que, por tanto, est\u00e1n protegidas por la Ley Federal sobre Monumentos y Zonas Arqueol\u00f3gicos, Art\u00edsticos e Hist\u00f3ricos.<\/p>\n\n\n\n<p>La primera se trata de una urna cil\u00edndrica con tapa, elaborada en barro mediante las t\u00e9cnicas de modelado, alisado y aplicaci\u00f3n de pastillaje. Tiene un acabado tosco y su exterior presenta la decoraci\u00f3n de un rostro humano.&nbsp;<\/p>\n\n\n\n<p>Si bien la tapa est\u00e1 fragmentada en dos partes, la pieza se encuentra completa y en buen estado de conservaci\u00f3n. De acuerdo con el peritaje, se determin\u00f3 que fue elaborada en el \u00e1rea de Guerrero, durante el periodo Poscl\u00e1sico mesoamericano (1200 \u2013 1521 d. C.)<\/p>\n\n\n\n<p>La segunda pieza es una m\u00e1scara elaborada de roca, mediante las t\u00e9cnicas de talla por percusi\u00f3n, acanaladura talla y desgaste por abrasi\u00f3n. Representa el rostro de un personaje de expresi\u00f3n adusta, sin cabello y con la boca abierta mostrando los dientes. Presenta perforaciones en los l\u00f3bulos de la oreja y en el \u00e1rea de las mejillas.<\/p>\n\n\n\n<p>De igual manera, la m\u00e1scara est\u00e1 completa y en buen estado de conservaci\u00f3n. De acuerdo con el dictamen, se trata de un objeto arqueol\u00f3gico de estilo olmeca, elaborado en la Costa del Golfo de M\u00e9xico durante el periodo Precl\u00e1sico mesoamericano (1200 \u2013 400 a. C.).<\/p>\n\n\n\n<p>Tambi\u00e9n se entreg\u00f3 un libro que tiene el t\u00edtulo&nbsp;<em>En el Nombre de Dios&#8230;<\/em>, el cual est\u00e1 datado en el a\u00f1o 1715 y, por tal raz\u00f3n, constituye un monumento hist\u00f3rico.<\/p>\n\n\n\n<p>Con acciones como esta, se da seguimiento a los esfuerzos realizados para el combate al tr\u00e1fico il\u00edcito de bienes culturales y para la repatriaci\u00f3n de piezas que son patrimonio nacional y que se encuentran de manera ilegal en el extranjero. #MiPatrimonioNoSeVende.<\/p>\n","protected":false},"excerpt":{"rendered":"<p>El pasado fin de semana, dos piezas arqueol\u00f3gicas: una urna de barro y una m\u00e1scara de roca adem\u00e1s de un libro que data del a\u00f1o 1715 llegaron a la Ciudad &hellip; <a href=\"https:\/\/lavereda.com.mx\/index.php\/2022\/02\/09\/llegan-a-mexico-piezas-arqueologicas-repatriadas-de-estados-unidos\/\" class=\"more-link\">Leer m\u00e1s<\/a><\/p>\n","protected":false},"author":1,"featured_media":3145,"comment_status":"open","ping_status":"open","sticky":false,"template":"","format":"standard","meta":{"footnotes":""},"categories":[3],"tags":[],"class_list":["post-3144","post","type-post","status-publish","format-standard","has-post-thumbnail","hentry","category-artes-visuales","entry"],"_links":{"self":[{"href":"https:\/\/lavereda.com.mx\/index.php\/wp-json\/wp\/v2\/posts\/3144","targetHints":{"allow":["GET"]}}],"collection":[{"href":"https:\/\/lavereda.com.mx\/index.php\/wp-json\/wp\/v2\/posts"}],"about":[{"href":"https:\/\/lavereda.com.mx\/index.php\/wp-json\/wp\/v2\/types\/post"}],"author":[{"embeddable":true,"href":"https:\/\/lavereda.com.mx\/index.php\/wp-json\/wp\/v2\/users\/1"}],"replies":[{"embeddable":true,"href":"https:\/\/lavereda.com.mx\/index.php\/wp-json\/wp\/v2\/comments?post=3144"}],"version-history":[{"count":1,"href":"https:\/\/lavereda.com.mx\/index.php\/wp-json\/wp\/v2\/posts\/3144\/revisions"}],"predecessor-version":[{"id":3146,"href":"https:\/\/lavereda.com.mx\/index.php\/wp-json\/wp\/v2\/posts\/3144\/revisions\/3146"}],"wp:featuredmedia":[{"embeddable":true,"href":"https:\/\/lavereda.com.mx\/index.php\/wp-json\/wp\/v2\/media\/3145"}],"wp:attachment":[{"href":"https:\/\/lavereda.com.mx\/index.php\/wp-json\/wp\/v2\/media?parent=3144"}],"wp:term":[{"taxonomy":"category","embeddable":true,"href":"https:\/\/lavereda.com.mx\/index.php\/wp-json\/wp\/v2\/categories?post=3144"},{"taxonomy":"post_tag","embeddable":true,"href":"https:\/\/lavereda.com.mx\/index.php\/wp-json\/wp\/v2\/tags?post=3144"}],"curies":[{"name":"wp","href":"https:\/\/api.w.org\/{rel}","templated":true}]}}