{"id":3122,"date":"2022-01-31T20:47:45","date_gmt":"2022-01-31T20:47:45","guid":{"rendered":"http:\/\/lavereda.com.mx\/?p=3122"},"modified":"2022-01-31T20:47:47","modified_gmt":"2022-01-31T20:47:47","slug":"ethan-eager-nuevo-asistente-de-direccion-en-camerata-de-coahuila","status":"publish","type":"post","link":"https:\/\/lavereda.com.mx\/index.php\/2022\/01\/31\/ethan-eager-nuevo-asistente-de-direccion-en-camerata-de-coahuila\/","title":{"rendered":"Ethan Eager, nuevo asistente de direcci\u00f3n en Camerata de Coahuila"},"content":{"rendered":"\n<ul class=\"wp-block-list\"><li><em>Actualmente es Director Art\u00edstico de la Orquesta Sinf\u00f3nica Juvenil de Torre\u00f3n (OSIJUT) y Director del Instituto de M\u00fasica de Coahuila.<\/em><\/li><\/ul>\n\n\n\n<p>El maestro Ethan Eager, se integra a las filas de Camerata de Coahuila, como asistente de direcci\u00f3n, quien se incorporar\u00e1 a contribuir al desarrollo art\u00edstico de la orquesta, de la mano con nuestro el director art\u00edstico y fundador, el Maestro Ram\u00f3n Shade; inform\u00f3 la orquesta en un comunicado.<\/p>\n\n\n\n<p>Ethan Daniel Eager Clingan, es originario de Torre\u00f3n, comenz\u00f3 sus estudios de piano y solfeo a la edad de 5 a\u00f1os bajo la tutela de su madre, Beri Clingan de Eager, continuando m\u00e1s tarde sus estudios de piano con la Maestra Amy Wielenga. A los 11 a\u00f1os inici\u00f3 sus clases de viol\u00edn con el Maestro Victor Lipov, y posteriormente con los Maestros Guillermo Villalobos, Natalia Zabolotskaja, Tatiana Marouchtchak, Tatul Yeghiazari\u00e1n y Marina Gorbenko.<\/p>\n\n\n\n<p>Estudi\u00f3 Direcci\u00f3n Orquestal con la Maestra Natalia Riazanova, y en octubre del 2010 particip\u00f3 en la Ciudad de M\u00e9xico en un taller organizado por el Sistema Nacional de Fomento Musical para directores de orquestas, impartido por los maestros Armando Zaya P\u00e9rez y Jorge C\u00f3rdoba Valencia. En el 2010, viaj\u00f3 a la ciudad de Viena, Austria, para tomar clases de Direcci\u00f3n Orquestal y An\u00e1lisis Musical con el Maestro Manfred Huss.<\/p>\n\n\n\n<p>Desde el 2006 dirige a la Orquesta y Coro \u00abEcos en el Desierto\u00bb, agrupaci\u00f3n Lagunera que a trav\u00e9s de 16 a\u00f1os se ha presentado en los principales teatros de Torre\u00f3n, Guanajuato, Monterrey, Saltillo, Reynosa, Zacatecas, Le\u00f3n y San Luis Potos\u00ed.<\/p>\n\n\n\n<p>Del 2014 a la fecha es Director Art\u00edstico de la Orquesta Sinf\u00f3nica Juvenil de Torre\u00f3n (OSIJUT), de la que fue anteriormente Director Asistente (del 2010 al 2013). Bajo su batuta, la OSIJUT ha presentado anualmente una serie de conciertos de temporada y did\u00e1cticos con variados programas.<\/p>\n\n\n\n<p>En octubre del 2018 tom\u00f3 un curso de Direcci\u00f3n Orquestal con el Maestro J\u00f6rg Birhance, en la Ciudad de Zacatecas, y del 2020 a la fecha, toma cursos de An\u00e1lisis Musical a distancia con el Mtro. Birhance, en el European Music Institute Vienna.<\/p>\n\n\n\n<p>Del 2014 al 2019, Ethan Eager particip\u00f3 en varias ocasiones como director invitado en conciertos did\u00e1cticos con la Camerata de Coahuila.<\/p>\n\n\n\n<p>A principios del 2022, tomo el cargo de Director del Instituto de M\u00fasica de Coahuila, una de las principales instituciones musicales de nuestra entidad.<\/p>\n\n\n\n<p>Entre las funciones como asistente de direcci\u00f3n, Ethan Eager participar\u00e1 en ensayos y conciertos con la orquesta.<\/p>\n","protected":false},"excerpt":{"rendered":"<p>Actualmente es Director Art\u00edstico de la Orquesta Sinf\u00f3nica Juvenil de Torre\u00f3n (OSIJUT) y Director del Instituto de M\u00fasica de Coahuila. El maestro Ethan Eager, se integra a las filas de &hellip; <a href=\"https:\/\/lavereda.com.mx\/index.php\/2022\/01\/31\/ethan-eager-nuevo-asistente-de-direccion-en-camerata-de-coahuila\/\" class=\"more-link\">Leer m\u00e1s<\/a><\/p>\n","protected":false},"author":1,"featured_media":3123,"comment_status":"open","ping_status":"open","sticky":false,"template":"","format":"standard","meta":{"footnotes":""},"categories":[18,4],"tags":[],"class_list":["post-3122","post","type-post","status-publish","format-standard","has-post-thumbnail","hentry","category-lomasrelevante","category-musica","entry"],"_links":{"self":[{"href":"https:\/\/lavereda.com.mx\/index.php\/wp-json\/wp\/v2\/posts\/3122","targetHints":{"allow":["GET"]}}],"collection":[{"href":"https:\/\/lavereda.com.mx\/index.php\/wp-json\/wp\/v2\/posts"}],"about":[{"href":"https:\/\/lavereda.com.mx\/index.php\/wp-json\/wp\/v2\/types\/post"}],"author":[{"embeddable":true,"href":"https:\/\/lavereda.com.mx\/index.php\/wp-json\/wp\/v2\/users\/1"}],"replies":[{"embeddable":true,"href":"https:\/\/lavereda.com.mx\/index.php\/wp-json\/wp\/v2\/comments?post=3122"}],"version-history":[{"count":1,"href":"https:\/\/lavereda.com.mx\/index.php\/wp-json\/wp\/v2\/posts\/3122\/revisions"}],"predecessor-version":[{"id":3124,"href":"https:\/\/lavereda.com.mx\/index.php\/wp-json\/wp\/v2\/posts\/3122\/revisions\/3124"}],"wp:featuredmedia":[{"embeddable":true,"href":"https:\/\/lavereda.com.mx\/index.php\/wp-json\/wp\/v2\/media\/3123"}],"wp:attachment":[{"href":"https:\/\/lavereda.com.mx\/index.php\/wp-json\/wp\/v2\/media?parent=3122"}],"wp:term":[{"taxonomy":"category","embeddable":true,"href":"https:\/\/lavereda.com.mx\/index.php\/wp-json\/wp\/v2\/categories?post=3122"},{"taxonomy":"post_tag","embeddable":true,"href":"https:\/\/lavereda.com.mx\/index.php\/wp-json\/wp\/v2\/tags?post=3122"}],"curies":[{"name":"wp","href":"https:\/\/api.w.org\/{rel}","templated":true}]}}