{"id":3107,"date":"2022-01-27T22:30:47","date_gmt":"2022-01-27T22:30:47","guid":{"rendered":"http:\/\/lavereda.com.mx\/?p=3107"},"modified":"2022-01-27T22:30:49","modified_gmt":"2022-01-27T22:30:49","slug":"la-opera-rigoletto-llega-a-la-pantalla-del-tim","status":"publish","type":"post","link":"https:\/\/lavereda.com.mx\/index.php\/2022\/01\/27\/la-opera-rigoletto-llega-a-la-pantalla-del-tim\/","title":{"rendered":"La \u00f3pera Rigoletto llega a la pantalla del TIM"},"content":{"rendered":"\n<ul class=\"wp-block-list\"><li><strong><em>Rigoletto contiene una gran cantidad de melod\u00edas, incluida una que se encuentra entre las m\u00e1s famosas del mundo: \u00abLa donna \u00e8 mobile\u00bb.<\/em><\/strong><\/li><\/ul>\n\n\n\n<p>La nueva y audaz versi\u00f3n de Bartlett Sher sobre la tragedia de Verdi, llega al Tesatro Isauro Mart\u00ednez este 29 de enero a las 11:55 horas, en una proyecci\u00f3n en megapantalla digital desde el Met de Nueva York. El director ganador del Premio Tony reinicia la acci\u00f3n de la \u00f3pera en la Europa de la d\u00e9cada de 1920, con decorados Art Deco de Michael Yeargan y elegantes trajes de Catherine Zuber, que cuentan con un total combinado de 11 Premios Tony.&nbsp;<\/p>\n\n\n\n<p>El bar\u00edtono Quinn Kelsey, un artista dominante en el apogeo de sus poderes, trae su ardiente interpretaci\u00f3n del papel principal al Met por primera vez, protagonizando junto a la soprano Rosa Feola como Gilda y el tenor Piotr Becza\u0142a como el Duque de Mantua, con el maestro daniele Rustioni en el podio. Esta transmisi\u00f3n en vivo es parte de la galardonada serie Live in HD del Met, que lleva la \u00f3pera a las salas de cine de todo el mundo.<\/p>\n\n\n\n<p>El estreno de esta gran obra fue en el Teatro La Fenice, Venecia, 1851. Es un viaje dram\u00e1tico de fuerza innegable, Rigoletto fue inmensamente popular desde su estreno y sigue siendo fresco y poderoso hasta el d\u00eda de hoy. La historia, basada en una controvertida obra de Victor Hugo, habla de un forastero, un buf\u00f3n jorobado, que lucha por equilibrar los elementos de duelo de belleza y maldad que existen en su vida. Escrita durante el per\u00edodo m\u00e1s f\u00e9rtil de la vida art\u00edstica de Verdi, la \u00f3pera resuena con una universalidad que con frecuencia se llama shakespeariana.<\/p>\n\n\n\n<p>Rigoletto contiene una gran cantidad de melod\u00edas, incluida una que se encuentra entre las m\u00e1s famosas del mundo: \u00abLa donna \u00e8 mobile\u00bb. Todos los solos de la \u00f3pera son ricos en visi\u00f3n de personajes y desarrollo dram\u00e1tico. El famoso cuarteto del Acto III, \u00abBella figlia dell&#8217;amore\u00bb, es un ingenioso an\u00e1lisis musical de las reacciones divergentes de los cuatro directores en el mismo momento: la m\u00fasica del duque se eleva con urgencia e impaciencia, la de Gilda cae de decepci\u00f3n, los restos de Rigoletto medidos y paternales, mientras que la promiscua Maddalena est\u00e1 literalmente por todas partes. En el contexto de la \u00f3pera, la m\u00fasica meramente encantadora se convierte en un drama inspirado.<\/p>\n","protected":false},"excerpt":{"rendered":"<p>Rigoletto contiene una gran cantidad de melod\u00edas, incluida una que se encuentra entre las m\u00e1s famosas del mundo: \u00abLa donna \u00e8 mobile\u00bb. La nueva y audaz versi\u00f3n de Bartlett Sher &hellip; <a href=\"https:\/\/lavereda.com.mx\/index.php\/2022\/01\/27\/la-opera-rigoletto-llega-a-la-pantalla-del-tim\/\" class=\"more-link\">Leer m\u00e1s<\/a><\/p>\n","protected":false},"author":1,"featured_media":3108,"comment_status":"open","ping_status":"open","sticky":false,"template":"","format":"standard","meta":{"footnotes":""},"categories":[2,18],"tags":[],"class_list":["post-3107","post","type-post","status-publish","format-standard","has-post-thumbnail","hentry","category-artes-escenicas","category-lomasrelevante","entry"],"_links":{"self":[{"href":"https:\/\/lavereda.com.mx\/index.php\/wp-json\/wp\/v2\/posts\/3107","targetHints":{"allow":["GET"]}}],"collection":[{"href":"https:\/\/lavereda.com.mx\/index.php\/wp-json\/wp\/v2\/posts"}],"about":[{"href":"https:\/\/lavereda.com.mx\/index.php\/wp-json\/wp\/v2\/types\/post"}],"author":[{"embeddable":true,"href":"https:\/\/lavereda.com.mx\/index.php\/wp-json\/wp\/v2\/users\/1"}],"replies":[{"embeddable":true,"href":"https:\/\/lavereda.com.mx\/index.php\/wp-json\/wp\/v2\/comments?post=3107"}],"version-history":[{"count":1,"href":"https:\/\/lavereda.com.mx\/index.php\/wp-json\/wp\/v2\/posts\/3107\/revisions"}],"predecessor-version":[{"id":3109,"href":"https:\/\/lavereda.com.mx\/index.php\/wp-json\/wp\/v2\/posts\/3107\/revisions\/3109"}],"wp:featuredmedia":[{"embeddable":true,"href":"https:\/\/lavereda.com.mx\/index.php\/wp-json\/wp\/v2\/media\/3108"}],"wp:attachment":[{"href":"https:\/\/lavereda.com.mx\/index.php\/wp-json\/wp\/v2\/media?parent=3107"}],"wp:term":[{"taxonomy":"category","embeddable":true,"href":"https:\/\/lavereda.com.mx\/index.php\/wp-json\/wp\/v2\/categories?post=3107"},{"taxonomy":"post_tag","embeddable":true,"href":"https:\/\/lavereda.com.mx\/index.php\/wp-json\/wp\/v2\/tags?post=3107"}],"curies":[{"name":"wp","href":"https:\/\/api.w.org\/{rel}","templated":true}]}}