{"id":3104,"date":"2022-01-26T21:42:22","date_gmt":"2022-01-26T21:42:22","guid":{"rendered":"http:\/\/lavereda.com.mx\/?p=3104"},"modified":"2022-01-26T21:42:24","modified_gmt":"2022-01-26T21:42:24","slug":"coahuila-apoya-a-los-artesanos-en-el-uso-legal-del-sarape-de-saltillo","status":"publish","type":"post","link":"https:\/\/lavereda.com.mx\/index.php\/2022\/01\/26\/coahuila-apoya-a-los-artesanos-en-el-uso-legal-del-sarape-de-saltillo\/","title":{"rendered":"Coahuila apoya a los artesanos en el uso legal del Sarape de Saltillo"},"content":{"rendered":"\n<p>La Secretar\u00eda de Cultura de Coahuila inform\u00f3 que apoya a los artesanos locales para que se d\u00e9 el uso legal del dise\u00f1o del \u201cSarape de Saltillo\u201d, en conjunto con los artesanos tejedores de Tlaxcala, y se mantiene el di\u00e1logo con la marca Junya Watanabe para tales efectos.<\/p>\n\n\n\n<p>La Secretaria, Ana Sof\u00eda Garc\u00eda Camil, expuso el planteamiento que hizo Coahuila a la empresa Comme des Gar\u00e7ons, es que se tengan beneficios colectivos, que ir\u00edan desde que se organice el Encuentro de Tejedores Nacionales, el equipar un espacio en la Escuela del Sarape de Saltillo y en la Casa del Artesano para un programa de residencias.<\/p>\n\n\n\n<p>Expuso que en estos momentos se mantiene el di\u00e1logo con la empresa que tiene una contrapropuesta, adem\u00e1s que se trabaja en conjunto con los artesanos de Tlaxcala y la Secretar\u00eda Federal para llegar a un buen t\u00e9rmino.<\/p>\n\n\n\n<p>Puntualiz\u00f3 el apoyo del Gobierno Estatal a los artesanos coahuilenses, a fin de que se reconozca y retribuya en todo momento su trabajo por preservar el patrimonio cultural, que representa siglos de tradici\u00f3n en la elaboraci\u00f3n de esta prenda textil.<\/p>\n\n\n\n<p>Inform\u00f3 que se va a realizar una nueva propuesta a la empresa, para que sea la comunidad de tejedores de Saltillo y Tlaxcala que tomen la decisi\u00f3n sobre los derechos para el uso legal del dise\u00f1o de esta prenda emblem\u00e1tica.<\/p>\n\n\n\n<p>Para revisar el tema relacionado con el uso de dise\u00f1os del Sarape de Saltillo por parte de marcas comerciales que realizan prendas inspiradas en los patrones tradicionales del \u201cSarape de Saltillo\u201d, se realiz\u00f3 una reuni\u00f3n entre personal de la Secretar\u00eda de Cultura Federal, encabezada por Marina N\u00fa\u00f1ez Bespalova, Subsecretaria de Desarrollo Cultural; Jos\u00e9 Luis Rodr\u00edguez Sena, Director de Desarrollo Cultural de la Secretar\u00eda de Cultura de Coahuila, y Juan Carlos Ramos Mora, Director de Extensi\u00f3n Cultural y representante de la Secretar\u00eda de Cultura de Tlaxcala.<\/p>\n\n\n\n<p>En esta reuni\u00f3n se cont\u00f3, por parte de Coahuila, con la asistencial de Javier Reyes Luna, artesano por tradici\u00f3n familiar y acad\u00e9mico de la Escuela del Sarape de Saltillo, y Alma Mart\u00ednez, ex alumna y colaboradora del Taller de Producci\u00f3n, representando ambos a los artesanos tejedores de sarape de Saltillo y que fueron nombrados como representantes de los mismos en la reuni\u00f3n del pasado d\u00eda 5 de enero en la Casa del Artesano, a la que acudieron alrededor 25 artesanos tejedores de sarape.<\/p>\n\n\n\n<p>Por parte de los artesanos tejedores de Tlaxcala, estuvo presente Ignacio Netzahualc\u00f3yotl, originario de Contla, Tlaxcala.<\/p>\n\n\n\n<p>En la misma se dej\u00f3 en claro que la instancia federal proporcionar\u00e1 la asesor\u00eda legal a los artesanos, a fin de que puedan defender su leg\u00edtimo derecho en cualquier caso en el que una marca haga uso indebido de los dise\u00f1os del \u201cSarape de Saltillo\u201d, y que las instancias estatales estar\u00e1n dando acompa\u00f1amiento y seguimiento al desarrollo de los procesos para proteger el trabajo de los artesanos, esto en referencia a que son \u00fanicamente las comunidades de artesanos quienes deciden los costos y requerimientos para que una empresa pueda utilizarlos en cualquier objeto que desee comercializar.<\/p>\n","protected":false},"excerpt":{"rendered":"<p>La Secretar\u00eda de Cultura de Coahuila inform\u00f3 que apoya a los artesanos locales para que se d\u00e9 el uso legal del dise\u00f1o del \u201cSarape de Saltillo\u201d, en conjunto con los &hellip; <a href=\"https:\/\/lavereda.com.mx\/index.php\/2022\/01\/26\/coahuila-apoya-a-los-artesanos-en-el-uso-legal-del-sarape-de-saltillo\/\" class=\"more-link\">Leer m\u00e1s<\/a><\/p>\n","protected":false},"author":1,"featured_media":3105,"comment_status":"open","ping_status":"open","sticky":false,"template":"","format":"standard","meta":{"footnotes":""},"categories":[3,18],"tags":[],"class_list":["post-3104","post","type-post","status-publish","format-standard","has-post-thumbnail","hentry","category-artes-visuales","category-lomasrelevante","entry"],"_links":{"self":[{"href":"https:\/\/lavereda.com.mx\/index.php\/wp-json\/wp\/v2\/posts\/3104","targetHints":{"allow":["GET"]}}],"collection":[{"href":"https:\/\/lavereda.com.mx\/index.php\/wp-json\/wp\/v2\/posts"}],"about":[{"href":"https:\/\/lavereda.com.mx\/index.php\/wp-json\/wp\/v2\/types\/post"}],"author":[{"embeddable":true,"href":"https:\/\/lavereda.com.mx\/index.php\/wp-json\/wp\/v2\/users\/1"}],"replies":[{"embeddable":true,"href":"https:\/\/lavereda.com.mx\/index.php\/wp-json\/wp\/v2\/comments?post=3104"}],"version-history":[{"count":1,"href":"https:\/\/lavereda.com.mx\/index.php\/wp-json\/wp\/v2\/posts\/3104\/revisions"}],"predecessor-version":[{"id":3106,"href":"https:\/\/lavereda.com.mx\/index.php\/wp-json\/wp\/v2\/posts\/3104\/revisions\/3106"}],"wp:featuredmedia":[{"embeddable":true,"href":"https:\/\/lavereda.com.mx\/index.php\/wp-json\/wp\/v2\/media\/3105"}],"wp:attachment":[{"href":"https:\/\/lavereda.com.mx\/index.php\/wp-json\/wp\/v2\/media?parent=3104"}],"wp:term":[{"taxonomy":"category","embeddable":true,"href":"https:\/\/lavereda.com.mx\/index.php\/wp-json\/wp\/v2\/categories?post=3104"},{"taxonomy":"post_tag","embeddable":true,"href":"https:\/\/lavereda.com.mx\/index.php\/wp-json\/wp\/v2\/tags?post=3104"}],"curies":[{"name":"wp","href":"https:\/\/api.w.org\/{rel}","templated":true}]}}