{"id":3098,"date":"2022-01-25T14:29:27","date_gmt":"2022-01-25T14:29:27","guid":{"rendered":"http:\/\/lavereda.com.mx\/?p=3098"},"modified":"2022-01-25T14:29:29","modified_gmt":"2022-01-25T14:29:29","slug":"el-mundo-de-la-literatura-recuerda-a-virgnia-woolf","status":"publish","type":"post","link":"https:\/\/lavereda.com.mx\/index.php\/2022\/01\/25\/el-mundo-de-la-literatura-recuerda-a-virgnia-woolf\/","title":{"rendered":"El mundo de la literatura recuerda a Virgnia Woolf"},"content":{"rendered":"\n<p>Un 25 de enero de 1882 nace la escritora brit\u00e1nica Virgnia Woolf, considerada pionera en la reflexi\u00f3n sobre la condici\u00f3n y la capacidad creativa de las mujeres, que impuls\u00f3 a muchas escritoras y a artistas a desarrollar su obra en tiempos de poca apertura.<\/p>\n\n\n\n<p>Era el a\u00f1o de 1929. Virginia Woolf publicaba \u201cUn cuarto propio\u201d un moderno ensayo para su \u00e9poca donde hablaba de la emancipaci\u00f3n de la mujer y en especial de la necesidad de una libertad creadora, a la que las mujeres no hab\u00edan llegado tan r\u00e1pido como los hombres. Se\u00f1alaba, entre otros temas, el papel de la mujer en la literatura relegado a su condici\u00f3n de musa m\u00e1s que de creadora.<\/p>\n\n\n\n<p>Woolf fue pionera en la reflexi\u00f3n sobre la condici\u00f3n de la mujer, la identidad femenina y las relaciones de la mujer con el arte y la literatura, que desarroll\u00f3 en algunos de sus ensayos; entre ellos, destaca por la repercusi\u00f3n que posteriormente tendr\u00eda para el feminismo&nbsp;<em>Una habitaci\u00f3n propia.<\/em><\/p>\n\n\n\n<p>No s\u00f3lo abord\u00f3 este tema en los ensayos, sino que tambi\u00e9n lo hizo en novelas como la inquietante y misteriosa&nbsp;<em>Orlando<\/em>&nbsp;en la que se difuminan las diferencias entre la condici\u00f3n masculina y la femenina encarnadas en el protagonista, un arist\u00f3crata dotado de la facultad de transformarse en mujer.<\/p>\n\n\n\n<p>Gracias a su impulso, muchas mujeres en d\u00e9cadas posteriores pudieron publicar su obra, en La Laguna podemos mencionar a Enriqueta Ochoa, que en 1950 public\u00f3 su primero poemario \u201cLas urgencias de un Dios\u201d y recibi\u00f3 la censura en Torre\u00f3n, especialmente de los sacerdotes.<\/p>\n","protected":false},"excerpt":{"rendered":"<p>Un 25 de enero de 1882 nace la escritora brit\u00e1nica Virgnia Woolf, considerada pionera en la reflexi\u00f3n sobre la condici\u00f3n y la capacidad creativa de las mujeres, que impuls\u00f3 a &hellip; <a href=\"https:\/\/lavereda.com.mx\/index.php\/2022\/01\/25\/el-mundo-de-la-literatura-recuerda-a-virgnia-woolf\/\" class=\"more-link\">Leer m\u00e1s<\/a><\/p>\n","protected":false},"author":9,"featured_media":3099,"comment_status":"open","ping_status":"open","sticky":false,"template":"","format":"standard","meta":{"footnotes":""},"categories":[5,18],"tags":[],"class_list":["post-3098","post","type-post","status-publish","format-standard","has-post-thumbnail","hentry","category-letras-y-libros","category-lomasrelevante","entry"],"_links":{"self":[{"href":"https:\/\/lavereda.com.mx\/index.php\/wp-json\/wp\/v2\/posts\/3098","targetHints":{"allow":["GET"]}}],"collection":[{"href":"https:\/\/lavereda.com.mx\/index.php\/wp-json\/wp\/v2\/posts"}],"about":[{"href":"https:\/\/lavereda.com.mx\/index.php\/wp-json\/wp\/v2\/types\/post"}],"author":[{"embeddable":true,"href":"https:\/\/lavereda.com.mx\/index.php\/wp-json\/wp\/v2\/users\/9"}],"replies":[{"embeddable":true,"href":"https:\/\/lavereda.com.mx\/index.php\/wp-json\/wp\/v2\/comments?post=3098"}],"version-history":[{"count":1,"href":"https:\/\/lavereda.com.mx\/index.php\/wp-json\/wp\/v2\/posts\/3098\/revisions"}],"predecessor-version":[{"id":3100,"href":"https:\/\/lavereda.com.mx\/index.php\/wp-json\/wp\/v2\/posts\/3098\/revisions\/3100"}],"wp:featuredmedia":[{"embeddable":true,"href":"https:\/\/lavereda.com.mx\/index.php\/wp-json\/wp\/v2\/media\/3099"}],"wp:attachment":[{"href":"https:\/\/lavereda.com.mx\/index.php\/wp-json\/wp\/v2\/media?parent=3098"}],"wp:term":[{"taxonomy":"category","embeddable":true,"href":"https:\/\/lavereda.com.mx\/index.php\/wp-json\/wp\/v2\/categories?post=3098"},{"taxonomy":"post_tag","embeddable":true,"href":"https:\/\/lavereda.com.mx\/index.php\/wp-json\/wp\/v2\/tags?post=3098"}],"curies":[{"name":"wp","href":"https:\/\/api.w.org\/{rel}","templated":true}]}}