{"id":3093,"date":"2022-01-23T00:28:07","date_gmt":"2022-01-23T00:28:07","guid":{"rendered":"http:\/\/lavereda.com.mx\/?p=3093"},"modified":"2022-01-23T00:28:09","modified_gmt":"2022-01-23T00:28:09","slug":"se-pospone-feria-internacional-del-libro-de-la-habana","status":"publish","type":"post","link":"https:\/\/lavereda.com.mx\/index.php\/2022\/01\/23\/se-pospone-feria-internacional-del-libro-de-la-habana\/","title":{"rendered":"Se pospone Feria internacional del libro de La Habana"},"content":{"rendered":"\n<p>La Secretar\u00eda de Cultura de M\u00e9xico, en coordinaci\u00f3n con el Fondo de Cultura Econ\u00f3mica (FCE), y la Secretar\u00eda de Relaciones Exteriores (SRE) informan que el Ministerio de Cultura de Cuba, a propuesta del Instituto Cubano del Libro, tom\u00f3 la decisi\u00f3n de posponer la 30\u00aa edici\u00f3n de la Feria Internacional del Libro de La Habana, que tiene a M\u00e9xico como el pa\u00eds invitado de honor.\u00a0<\/p>\n\n\n\n<p>Las autoridades cubanas informaron que la Feria, que estaba prevista a realizarse del 10 al 20 de febrero del 2022, se llevar\u00e1 a cabo en el mes de abril, debido a la actual situaci\u00f3n epidemiol\u00f3gica ante la presencia de COVID-19.&nbsp;<\/p>\n\n\n\n<p>Las Secretar\u00edas de Cultura y de Relaciones Exteriores de M\u00e9xico, as\u00ed como el FCE, se mantienen en contacto con el Instituto Cubano del Libro, que informar\u00e1 los detalles asociados a la organizaci\u00f3n y desarrollo del nuevo calendario de la Feria.&nbsp;<\/p>\n","protected":false},"excerpt":{"rendered":"<p>La Secretar\u00eda de Cultura de M\u00e9xico, en coordinaci\u00f3n con el Fondo de Cultura Econ\u00f3mica (FCE), y la Secretar\u00eda de Relaciones Exteriores (SRE) informan que el Ministerio de Cultura de Cuba, &hellip; <a href=\"https:\/\/lavereda.com.mx\/index.php\/2022\/01\/23\/se-pospone-feria-internacional-del-libro-de-la-habana\/\" class=\"more-link\">Leer m\u00e1s<\/a><\/p>\n","protected":false},"author":1,"featured_media":1545,"comment_status":"open","ping_status":"open","sticky":false,"template":"","format":"standard","meta":{"footnotes":""},"categories":[5,18],"tags":[],"class_list":["post-3093","post","type-post","status-publish","format-standard","has-post-thumbnail","hentry","category-letras-y-libros","category-lomasrelevante","entry"],"_links":{"self":[{"href":"https:\/\/lavereda.com.mx\/index.php\/wp-json\/wp\/v2\/posts\/3093","targetHints":{"allow":["GET"]}}],"collection":[{"href":"https:\/\/lavereda.com.mx\/index.php\/wp-json\/wp\/v2\/posts"}],"about":[{"href":"https:\/\/lavereda.com.mx\/index.php\/wp-json\/wp\/v2\/types\/post"}],"author":[{"embeddable":true,"href":"https:\/\/lavereda.com.mx\/index.php\/wp-json\/wp\/v2\/users\/1"}],"replies":[{"embeddable":true,"href":"https:\/\/lavereda.com.mx\/index.php\/wp-json\/wp\/v2\/comments?post=3093"}],"version-history":[{"count":1,"href":"https:\/\/lavereda.com.mx\/index.php\/wp-json\/wp\/v2\/posts\/3093\/revisions"}],"predecessor-version":[{"id":3094,"href":"https:\/\/lavereda.com.mx\/index.php\/wp-json\/wp\/v2\/posts\/3093\/revisions\/3094"}],"wp:featuredmedia":[{"embeddable":true,"href":"https:\/\/lavereda.com.mx\/index.php\/wp-json\/wp\/v2\/media\/1545"}],"wp:attachment":[{"href":"https:\/\/lavereda.com.mx\/index.php\/wp-json\/wp\/v2\/media?parent=3093"}],"wp:term":[{"taxonomy":"category","embeddable":true,"href":"https:\/\/lavereda.com.mx\/index.php\/wp-json\/wp\/v2\/categories?post=3093"},{"taxonomy":"post_tag","embeddable":true,"href":"https:\/\/lavereda.com.mx\/index.php\/wp-json\/wp\/v2\/tags?post=3093"}],"curies":[{"name":"wp","href":"https:\/\/api.w.org\/{rel}","templated":true}]}}