{"id":3081,"date":"2022-01-21T05:28:47","date_gmt":"2022-01-21T05:28:47","guid":{"rendered":"http:\/\/lavereda.com.mx\/?p=3081"},"modified":"2022-01-21T15:13:15","modified_gmt":"2022-01-21T15:13:15","slug":"silencio-radio-de-juliana-fanjul","status":"publish","type":"post","link":"https:\/\/lavereda.com.mx\/index.php\/2022\/01\/21\/silencio-radio-de-juliana-fanjul\/","title":{"rendered":"Se estrena Silencio Radio\u00a0de Juliana Fanjul"},"content":{"rendered":"\n<p>Llega a salas comerciales de la Rep\u00fablica Mexicana, bajo el sello de Artegios Distribuci\u00f3n, desde este jueves 20 de enero el documental <em><strong>Silencio Radio<\/strong><\/em>, despu\u00e9s de su paso por los festivales de Z\u00fcrich International Film Festival (Z\u00farich, Suiza), IDFA (\u00c1msterdam, Pa\u00edses Bajos), This Human World Film Festival (Viena, Austria), FIPADOC (Biarritz, Francia), Solothurn Film Festival (Soleura, Suiza), Human Rights, Human Wrongs (Oslo, Noruega), Tempo Documentary Festival (Estocolmo, Suecia), FIFDH (Ginebra, Suiza), Human Rights Watch Film Festival (Londres, Reino Unido) entre muchos otros y en M\u00e9xico estuvo en\u00a0 FICUNAM, Festival Internacional de Cine de Guadalajara y fue el documental que\u00a0 inaugur\u00f3 la edici\u00f3n 2020 de Ambulante Gira de documentales.\u00a0\u00a0\u00a0<\/p>\n\n\n\n<p><strong><em>Silencio Radio,&nbsp;<\/em><\/strong>documenta paso a paso uno de los casos m\u00e1s escuchados de la era actual sobre la censura a medios de comunicaci\u00f3n, en esta ocasi\u00f3n se trata de la periodista Carmen Aristegui qui\u00e9n sufri\u00f3 represi\u00f3n durante el sexenio del ex presidente Enrique Pe\u00f1a Nieto, iniciando una batalla legal contra la censura. Ante tal hecho la documentalista Juliana Fanjul al saber el silencio que fue sometida la periodista decidi\u00f3 llevar el d\u00eda a d\u00eda de los procesos acompa\u00f1\u00e1ndola en todo;&nbsp; el giro que dio su despido, lo primordial que era cuidar su integridad ya que M\u00e9xico se encuentra entre los pa\u00edses m\u00e1s peligrosos del mundo para ejercer el periodismo.<\/p>\n\n\n\n<p>Juliana Fanjul, documentalista que ha realizado previamente&nbsp;<em>Muchachas<\/em>&nbsp;(2015) y&nbsp;<em>Si seguimos vivos<\/em>&nbsp;(2010) nos presenta su tercer documental&nbsp;<em>Silencio Radio<\/em>&nbsp;(2019) donde traza un cautivador retrato de la periodista mexicana Carmen Aristegui, a la vez que narra su batalla en contra de la censura de la cual fue v\u00edctima bajo la administraci\u00f3n del presidente Enrique Pe\u00f1a Nieto.&nbsp;<\/p>\n\n\n\n<p>El lente de Juliana Fanjul capta el car\u00e1cter de la influyente periodista mexicana, quien tras bastidores se revela como una mujer perseverante, carism\u00e1tica y con un gran sentido del humor. A la vez,&nbsp;<em>Silencio radio<\/em>&nbsp;pone de manifiesto la resiliencia de Carmen Aristegui y de su equipo ante los diversos mecanismos de censura \u2014incluyendo su cese de la empresa radiof\u00f3nica donde laboraba y m\u00faltiples juicios legales\u2014 desplegados por sus opositores para acallar un espacio period\u00edstico caracterizado por revelar actos de corrupci\u00f3n y abusos de poder del gobierno.&nbsp;<\/p>\n\n\n\n<p>Aunque el caso de Carmen Aristegui se ha convertido en uno de los m\u00e1s medi\u00e1ticos de represi\u00f3n a la prensa, no es \u00fanico en M\u00e9xico. Es considerado el pa\u00eds m\u00e1s peligroso para ejercer periodismo en Am\u00e9rica, seg\u00fan la organizaci\u00f3n Art\u00edculo 19. De acuerdo con su informe&nbsp;<em>Ante el silencio, ni borr\u00f3n ni cuenta nueva&nbsp;<\/em>(2019), tan solo durante el sexenio de Enrique Pe\u00f1a Nieto se registraron 2,502 agresiones contra la prensa.&nbsp;<\/p>\n\n\n\n<div class=\"wp-block-columns is-layout-flex wp-container-core-columns-is-layout-9d6595d7 wp-block-columns-is-layout-flex\">\n<div class=\"wp-block-column is-layout-flow wp-block-column-is-layout-flow\" style=\"flex-basis:100%\">\n<div class=\"wp-block-columns is-layout-flex wp-container-core-columns-is-layout-9d6595d7 wp-block-columns-is-layout-flex\">\n<div class=\"wp-block-column is-layout-flow wp-block-column-is-layout-flow\" style=\"flex-basis:100%\">\n<div class=\"wp-block-group\"><div class=\"wp-block-group__inner-container is-layout-flow wp-block-group-is-layout-flow\">\n<figure class=\"wp-block-table\"><table><tbody><tr><td><strong>Sobre la directora&nbsp;<\/strong> <strong>Juliana Fanjul<\/strong>&nbsp;(M\u00e9xico, 1981) es una directora independiente especializada en cine documental. Su formaci\u00f3n cinematogr\u00e1fica comienza en M\u00e9xico, pasando por Cuba y terminando en Suiza con una maestr\u00eda en realizaci\u00f3n. Sus documentales Silencio radio, Muchachas y Si seguimos vivos han sido proyectados en festivales de todo el mundo como IDFA, Visions du R\u00e9el, Ficunam, Guadalajara y Ambulante y recibido diversos reconocimientos. Actualmente es la Jefa de la C\u00e1tedra Documental en la Escuela Internacional de Cine y Televisi\u00f3n, en Cuba.<\/td><\/tr><\/tbody><\/table><\/figure>\n<\/div><\/div>\n<\/div>\n<\/div>\n<\/div>\n<\/div>\n","protected":false},"excerpt":{"rendered":"<p>Llega a salas comerciales de la Rep\u00fablica Mexicana, bajo el sello de Artegios Distribuci\u00f3n, desde este jueves 20 de enero el documental Silencio Radio, despu\u00e9s de su paso por los &hellip; <a href=\"https:\/\/lavereda.com.mx\/index.php\/2022\/01\/21\/silencio-radio-de-juliana-fanjul\/\" class=\"more-link\">Leer m\u00e1s<\/a><\/p>\n","protected":false},"author":1,"featured_media":3082,"comment_status":"open","ping_status":"open","sticky":false,"template":"","format":"standard","meta":{"footnotes":""},"categories":[3,6,18,1],"tags":[],"class_list":["post-3081","post","type-post","status-publish","format-standard","has-post-thumbnail","hentry","category-artes-visuales","category-cinetv","category-lomasrelevante","category-uncategorized","entry"],"_links":{"self":[{"href":"https:\/\/lavereda.com.mx\/index.php\/wp-json\/wp\/v2\/posts\/3081","targetHints":{"allow":["GET"]}}],"collection":[{"href":"https:\/\/lavereda.com.mx\/index.php\/wp-json\/wp\/v2\/posts"}],"about":[{"href":"https:\/\/lavereda.com.mx\/index.php\/wp-json\/wp\/v2\/types\/post"}],"author":[{"embeddable":true,"href":"https:\/\/lavereda.com.mx\/index.php\/wp-json\/wp\/v2\/users\/1"}],"replies":[{"embeddable":true,"href":"https:\/\/lavereda.com.mx\/index.php\/wp-json\/wp\/v2\/comments?post=3081"}],"version-history":[{"count":2,"href":"https:\/\/lavereda.com.mx\/index.php\/wp-json\/wp\/v2\/posts\/3081\/revisions"}],"predecessor-version":[{"id":3085,"href":"https:\/\/lavereda.com.mx\/index.php\/wp-json\/wp\/v2\/posts\/3081\/revisions\/3085"}],"wp:featuredmedia":[{"embeddable":true,"href":"https:\/\/lavereda.com.mx\/index.php\/wp-json\/wp\/v2\/media\/3082"}],"wp:attachment":[{"href":"https:\/\/lavereda.com.mx\/index.php\/wp-json\/wp\/v2\/media?parent=3081"}],"wp:term":[{"taxonomy":"category","embeddable":true,"href":"https:\/\/lavereda.com.mx\/index.php\/wp-json\/wp\/v2\/categories?post=3081"},{"taxonomy":"post_tag","embeddable":true,"href":"https:\/\/lavereda.com.mx\/index.php\/wp-json\/wp\/v2\/tags?post=3081"}],"curies":[{"name":"wp","href":"https:\/\/api.w.org\/{rel}","templated":true}]}}