{"id":3076,"date":"2022-01-20T18:59:59","date_gmt":"2022-01-20T18:59:59","guid":{"rendered":"http:\/\/lavereda.com.mx\/?p=3076"},"modified":"2025-10-03T01:10:04","modified_gmt":"2025-10-03T01:10:04","slug":"adios-a-magda-briones-navarro-destacada-artista-y-activista-lagunera","status":"publish","type":"post","link":"https:\/\/lavereda.com.mx\/index.php\/2022\/01\/20\/adios-a-magda-briones-navarro-destacada-artista-y-activista-lagunera\/","title":{"rendered":"Adi\u00f3s a Magda Briones Navarro: destacada artista y activista lagunera"},"content":{"rendered":"\n<ul class=\"wp-block-list\"><li><em>Magda Briones fue pionera de las danzas espa\u00f1olas en la regi\u00f3n<\/em><\/li><\/ul>\n\n\n\n<p>&nbsp;El Instituto Municipal de Cultura y Educaci\u00f3n lament\u00f3 profundamente el fallecimiento de la bailarina, activista ambiental y escritora Magdalena Briones Navarro, ocurrido la madrugada de este jueves 20 de enero; quien se destac\u00f3 en distintos \u00e1mbitos en favor de la cultura y el medio ambiente.<\/p>\n\n\n\n<p>Magda Briones (1926-2022)&nbsp;naci\u00f3 en la Ciudad de Durango, pero a partir de los dos a\u00f1os comenz\u00f3 a radicar en Torre\u00f3n.&nbsp;Desde adolescente empez\u00f3 a bailar danzas espa\u00f1olas, despu\u00e9s fue creadora de sus propias coreograf\u00edas y hasta los 24 a\u00f1os viaj\u00f3 a Espa\u00f1a a estudiar formalmente. Form\u00f3 una academia y un ballet con el que se present\u00f3 con mucho \u00e9xito en distintos foros regionales y nacionales.<\/p>\n\n\n\n<p>Tambi\u00e9n incursion\u00f3 en la dramaturgia, la escritura la investigaci\u00f3n y en la lucha en favor del medio ambiente. Desde distintas disciplinas art\u00edsticas y human\u00edsticas, Magda Briones demostr\u00f3 su compromiso social y se convirti\u00f3 en un referente cultural en la regi\u00f3n.<\/p>\n\n\n\n<p>De acuerdo con datos del libro \u201cMagda Briones, por amor a la danza y a la tierra\u201d de Adriana Vargas,&nbsp;fue maestra de Pilar Rioja, estudi\u00f3 sociolog\u00eda en la UNAM, Fue la primera directora de la Casa de la Cultura de Torre\u00f3n, maestra de tiempo completo en Ciencias Pol\u00edticas de la Universidad Aut\u00f3noma de Coahuila.<\/p>\n\n\n\n<p>Como dramaturga, tambi\u00e9n dej\u00f3 huella. Sus obras llegaron a estar m\u00e1s de un mes en cartelera. Por ejemplo \u201cHip\u00f3tesis\u201d, dirigida por Rogelio Lu\u00e9vano, \u201cA veces es nunca m\u00e1s\u201d montada por el director Jorge M\u00e9ndez y \u201cLa crisis\u201d.<\/p>\n","protected":false},"excerpt":{"rendered":"<p>Magda Briones fue pionera de las danzas espa\u00f1olas en la regi\u00f3n &nbsp;El Instituto Municipal de Cultura y Educaci\u00f3n lament\u00f3 profundamente el fallecimiento de la bailarina, activista ambiental y escritora Magdalena &hellip; <a href=\"https:\/\/lavereda.com.mx\/index.php\/2022\/01\/20\/adios-a-magda-briones-navarro-destacada-artista-y-activista-lagunera\/\" class=\"more-link\">Leer m\u00e1s<\/a><\/p>\n","protected":false},"author":1,"featured_media":7175,"comment_status":"open","ping_status":"open","sticky":false,"template":"","format":"standard","meta":{"footnotes":""},"categories":[2,18],"tags":[],"class_list":["post-3076","post","type-post","status-publish","format-standard","has-post-thumbnail","hentry","category-artes-escenicas","category-lomasrelevante","entry"],"_links":{"self":[{"href":"https:\/\/lavereda.com.mx\/index.php\/wp-json\/wp\/v2\/posts\/3076","targetHints":{"allow":["GET"]}}],"collection":[{"href":"https:\/\/lavereda.com.mx\/index.php\/wp-json\/wp\/v2\/posts"}],"about":[{"href":"https:\/\/lavereda.com.mx\/index.php\/wp-json\/wp\/v2\/types\/post"}],"author":[{"embeddable":true,"href":"https:\/\/lavereda.com.mx\/index.php\/wp-json\/wp\/v2\/users\/1"}],"replies":[{"embeddable":true,"href":"https:\/\/lavereda.com.mx\/index.php\/wp-json\/wp\/v2\/comments?post=3076"}],"version-history":[{"count":2,"href":"https:\/\/lavereda.com.mx\/index.php\/wp-json\/wp\/v2\/posts\/3076\/revisions"}],"predecessor-version":[{"id":3079,"href":"https:\/\/lavereda.com.mx\/index.php\/wp-json\/wp\/v2\/posts\/3076\/revisions\/3079"}],"wp:featuredmedia":[{"embeddable":true,"href":"https:\/\/lavereda.com.mx\/index.php\/wp-json\/wp\/v2\/media\/7175"}],"wp:attachment":[{"href":"https:\/\/lavereda.com.mx\/index.php\/wp-json\/wp\/v2\/media?parent=3076"}],"wp:term":[{"taxonomy":"category","embeddable":true,"href":"https:\/\/lavereda.com.mx\/index.php\/wp-json\/wp\/v2\/categories?post=3076"},{"taxonomy":"post_tag","embeddable":true,"href":"https:\/\/lavereda.com.mx\/index.php\/wp-json\/wp\/v2\/tags?post=3076"}],"curies":[{"name":"wp","href":"https:\/\/api.w.org\/{rel}","templated":true}]}}