{"id":3072,"date":"2022-01-20T05:23:45","date_gmt":"2022-01-20T05:23:45","guid":{"rendered":"http:\/\/lavereda.com.mx\/?p=3072"},"modified":"2022-01-21T02:38:11","modified_gmt":"2022-01-21T02:38:11","slug":"imce-invita-a-conferencia-sobre-identidad-lagunera","status":"publish","type":"post","link":"https:\/\/lavereda.com.mx\/index.php\/2022\/01\/20\/imce-invita-a-conferencia-sobre-identidad-lagunera\/","title":{"rendered":"IMCE Invita a conferencia sobre identidad Lagunera"},"content":{"rendered":"\n<p>El Instituto Municipal de Cultura y Educaci\u00f3n invita al p\u00fablico a la conferencia \u201cIdentidad Lagunera\u201d, que estar\u00e1 a cargo del periodista y gestor cultural \u00c1ngel Reyna, este lunes 24 de enero en punto de las 19:00 hrs. <\/p>\n\n\n\n<p>La conferencia se realizar\u00e1 en modalidad h\u00edbrida, es decir de manera presencial limitado a 20 asistentes en la galer\u00eda de Casa de Cantera, y virtual v\u00eda facebook live&nbsp; (@IMCETorreon). <\/p>\n\n\n\n<p>En palabras del conferencista, se abordar\u00e1n diversos aspectos con la siguiente premisa: <\/p>\n\n\n\n<blockquote class=\"wp-block-quote is-layout-flow wp-block-quote-is-layout-flow\"><p>\u201cLa identidad lagunera es un tema fresco, en construcci\u00f3n al ser una regi\u00f3n con ciudades de reciente creaci\u00f3n, salvo Viesca, Coahuila\u201d.&nbsp;<\/p><\/blockquote>\n\n\n\n<p>Agreg\u00f3 que el concepto de identidad pudiera aplicarse a una Comarca que busca signos que le ubiquen en su contexto interno y que la proyecten como un lugar agro industrial con elementos que le caracterizan:<\/p>\n\n\n\n<p>El equipo de futbol Santos, las empresas lecheras, frutas como la sand\u00eda y el mel\u00f3n, danzas de conquista como la de Caballitos, de la Pluma y Matlachines, as\u00ed como el R\u00edo Nazas.<\/p>\n\n\n\n<div class=\"wp-block-image\"><figure class=\"aligncenter size-large is-resized\"><img fetchpriority=\"high\" decoding=\"async\" src=\"https:\/\/lavereda.com.mx\/wp-content\/uploads\/2022\/01\/reliquia.jpeg\" alt=\"\" class=\"wp-image-3073\" width=\"366\" height=\"244\" srcset=\"https:\/\/lavereda.com.mx\/wp-content\/uploads\/2022\/01\/reliquia.jpeg 960w, https:\/\/lavereda.com.mx\/wp-content\/uploads\/2022\/01\/reliquia-300x200.jpeg 300w, https:\/\/lavereda.com.mx\/wp-content\/uploads\/2022\/01\/reliquia-768x512.jpeg 768w\" sizes=\"(max-width: 366px) 100vw, 366px\" \/><\/figure><\/div>\n\n\n\n<p>Explic\u00f3 que el problema radica en su principal riqueza: lo reciente de las poblaciones que la forman, se buscan elementos entre los \u201clonches mixtos\u201d, los del beis de adobada, el menudo, el pan \u201cfranc\u00e9s\u201d y otras delicias gastron\u00f3micas regionales.<\/p>\n\n\n\n<p>\u201cLa Comarca, para fortuna de sus habitantes, cuenta con otras dos riquezas hist\u00f3ricas que le dan identidad: las casas de ladrillo y el hecho de ser, algunos centros poblacionales, ciudades museo de la Revoluci\u00f3n Mexicana, con el centro hist\u00f3rico de&nbsp; Torre\u00f3n como ejemplo perfecto de lo anterior, con cuatro tomas de la ciudad durante el conflicto armado de principios del siglo XX.<\/p>\n\n\n\n<p>Adem\u00e1s, la conferencia abordar\u00e1 algunos de estos aspectos que rodean al quehacer cultural que ha destacado a nivel nacional e internacional en pr\u00e1cticamente todos los g\u00e9neros del arte, con el apoyo de proyecciones de im\u00e1genes representativas de la regi\u00f3n y al final se tendr\u00e1 una sesi\u00f3n de preguntas y respuestas.<\/p>\n\n\n\n<p>EL CONFERENCISTA<\/p>\n\n\n\n<p>\u00c1ngel Reyna cuenta con m\u00e1s de 40 a\u00f1os de experiencia en el \u00e1mbito del periodismo cultural, ha sido catedr\u00e1tico de historia del arte, periodismo, cine e historia de la arquitectura en diversas instituciones de nivel b\u00e1sico y superior tanto en la Laguna como en el estado de Nuevo Le\u00f3n.<\/p>\n\n\n\n<p>Para las personas que deseen asistir de manera presencial, ser\u00e1 preciso confirmar su asistencia v\u00eda whatsapp al tel\u00e9fono: 871-132-5340, o bien por llamada al 871-500-7000 ext. 3038 en un horario de 8:00 am a 3:00 pm. Esto, con el prop\u00f3sito de que el cupo no exceda el l\u00edmite de asistentes permitidos y se respeten los protocolos sanitarios.<\/p>\n","protected":false},"excerpt":{"rendered":"<p>El Instituto Municipal de Cultura y Educaci\u00f3n invita al p\u00fablico a la conferencia \u201cIdentidad Lagunera\u201d, que estar\u00e1 a cargo del periodista y gestor cultural \u00c1ngel Reyna, este lunes 24 de &hellip; <a href=\"https:\/\/lavereda.com.mx\/index.php\/2022\/01\/20\/imce-invita-a-conferencia-sobre-identidad-lagunera\/\" class=\"more-link\">Leer m\u00e1s<\/a><\/p>\n","protected":false},"author":1,"featured_media":3074,"comment_status":"open","ping_status":"open","sticky":false,"template":"","format":"standard","meta":{"footnotes":""},"categories":[2,18,8],"tags":[],"class_list":["post-3072","post","type-post","status-publish","format-standard","has-post-thumbnail","hentry","category-artes-escenicas","category-lomasrelevante","category-sociedad","entry"],"_links":{"self":[{"href":"https:\/\/lavereda.com.mx\/index.php\/wp-json\/wp\/v2\/posts\/3072","targetHints":{"allow":["GET"]}}],"collection":[{"href":"https:\/\/lavereda.com.mx\/index.php\/wp-json\/wp\/v2\/posts"}],"about":[{"href":"https:\/\/lavereda.com.mx\/index.php\/wp-json\/wp\/v2\/types\/post"}],"author":[{"embeddable":true,"href":"https:\/\/lavereda.com.mx\/index.php\/wp-json\/wp\/v2\/users\/1"}],"replies":[{"embeddable":true,"href":"https:\/\/lavereda.com.mx\/index.php\/wp-json\/wp\/v2\/comments?post=3072"}],"version-history":[{"count":2,"href":"https:\/\/lavereda.com.mx\/index.php\/wp-json\/wp\/v2\/posts\/3072\/revisions"}],"predecessor-version":[{"id":3080,"href":"https:\/\/lavereda.com.mx\/index.php\/wp-json\/wp\/v2\/posts\/3072\/revisions\/3080"}],"wp:featuredmedia":[{"embeddable":true,"href":"https:\/\/lavereda.com.mx\/index.php\/wp-json\/wp\/v2\/media\/3074"}],"wp:attachment":[{"href":"https:\/\/lavereda.com.mx\/index.php\/wp-json\/wp\/v2\/media?parent=3072"}],"wp:term":[{"taxonomy":"category","embeddable":true,"href":"https:\/\/lavereda.com.mx\/index.php\/wp-json\/wp\/v2\/categories?post=3072"},{"taxonomy":"post_tag","embeddable":true,"href":"https:\/\/lavereda.com.mx\/index.php\/wp-json\/wp\/v2\/tags?post=3072"}],"curies":[{"name":"wp","href":"https:\/\/api.w.org\/{rel}","templated":true}]}}