{"id":3068,"date":"2022-01-19T05:51:44","date_gmt":"2022-01-19T05:51:44","guid":{"rendered":"http:\/\/lavereda.com.mx\/?p=3068"},"modified":"2022-01-19T15:09:57","modified_gmt":"2022-01-19T15:09:57","slug":"bach-telemann-y-albinoni-sonaran-en-el-concierto-de-la-camerata","status":"publish","type":"post","link":"https:\/\/lavereda.com.mx\/index.php\/2022\/01\/19\/bach-telemann-y-albinoni-sonaran-en-el-concierto-de-la-camerata\/","title":{"rendered":"Bach, Telemann y Albinoni, sonar\u00e1n en el concierto  de la Camerata"},"content":{"rendered":"\n<p>Como parte de la programaci\u00f3n de la temporada Primavera Verano 2022, Camerata de Coahuila presentar\u00e1 su segundo concierto\u00a0 con obras de los principales compositores de la m\u00fasica barroca: Bach, Telemann y Albinoni.<\/p>\n\n\n\n<p>La cita es este viernes 21 de enero a las 20:30 horas en el Teatro Isauro Mart\u00ednez, con un aforo limitado.<\/p>\n\n\n\n<p>El programa estar\u00e1 conformado por el \u201cConcierto para dos violines en re menor, BWV 1043\u201d, fue compuesto por Johann Sebastian Bach en Leipzig entre 1717 y 1723, cuando era maestro de capilla en la corte de Anhalt-K\u00f6then. El concierto est\u00e1 escrito para los dos violines solistas, cuerdas y bajo continuo, cuenta con 3 movimientos. Es una de las piezas considerada una de las obras maestras del Barroco, una de las mejores obras instrumentales que Bach ha dejado como herencia al mundo entero.<\/p>\n\n\n\n<p>Adem\u00e1s para dos violines en re menor, BWV 1043, contar\u00e1 con la participaci\u00f3n como solistas de Ismael Estevan\u00e9 Rasc\u00f3n y Romana Rudoman, integrantes de nuestra orquesta.<\/p>\n\n\n\n<p>El Aria en Re mayor de la tercera suite para orquesta BWV 1068 (1730) es, sin duda, una de las p\u00e1ginas orquestales m\u00e1s conocidas compuestas por J. S. Bach (1685-1750). Se trata de un adagio a la italiana que contrasta con el estilo franc\u00e9s del primer movimiento de la suite.<\/p>\n\n\n\n<p>Uno de los primeros compositores importantes en dedicar su atenci\u00f3n a este inigualable personaje fue Georg Philipp Telemann, autor de una interesante y divertida suite Don Quijote. Telemann se vali\u00f3 solamente de cuerdas y continuo, lo que hace a\u00fan m\u00e1s admirable el resultado obtenido.<\/p>\n\n\n\n<blockquote class=\"wp-block-quote is-layout-flow wp-block-quote-is-layout-flow\"><p>Este concierto contar\u00e1 adem\u00e1s con la participaci\u00f3n de los maestros Ani Mkrtchyan, William Torres, Rodrigo Martinez, Arturo Varela, Babken Vardyan, Vitaliy Rudoman, Laila Kanni\u00f1a, Fernando Morales, Gabriel Robles y Mariana Chabukiani.<\/p><\/blockquote>\n\n\n\n<p>La entrega de boletos para el p\u00fablico en general se realizar\u00e1 este jueves 20 de enero, en taquillas del Teatro Isauro Mart\u00ednez, en punto de las 10:00 horas, los cuales estar\u00e1n disponibles hasta agotar existencia.<\/p>\n\n\n\n<p>Se continuar\u00e1 trabajando con un estricto apego a las medidas de protecci\u00f3n sanitaria, las cuales consisten en la aplicaci\u00f3n de gel antibacterial, revisi\u00f3n de la temperatura, uso obligatorio de cubreboca y respeto a la sana distancia, adem\u00e1s de aforo limitado, con el fin de ofrecer un retorno seguro a todos los amantes de la m\u00fasica.<\/p>\n","protected":false},"excerpt":{"rendered":"<p>Como parte de la programaci\u00f3n de la temporada Primavera Verano 2022, Camerata de Coahuila presentar\u00e1 su segundo concierto\u00a0 con obras de los principales compositores de la m\u00fasica barroca: Bach, Telemann &hellip; <a href=\"https:\/\/lavereda.com.mx\/index.php\/2022\/01\/19\/bach-telemann-y-albinoni-sonaran-en-el-concierto-de-la-camerata\/\" class=\"more-link\">Leer m\u00e1s<\/a><\/p>\n","protected":false},"author":1,"featured_media":3069,"comment_status":"open","ping_status":"open","sticky":false,"template":"","format":"standard","meta":{"footnotes":""},"categories":[18,4],"tags":[],"class_list":["post-3068","post","type-post","status-publish","format-standard","has-post-thumbnail","hentry","category-lomasrelevante","category-musica","entry"],"_links":{"self":[{"href":"https:\/\/lavereda.com.mx\/index.php\/wp-json\/wp\/v2\/posts\/3068","targetHints":{"allow":["GET"]}}],"collection":[{"href":"https:\/\/lavereda.com.mx\/index.php\/wp-json\/wp\/v2\/posts"}],"about":[{"href":"https:\/\/lavereda.com.mx\/index.php\/wp-json\/wp\/v2\/types\/post"}],"author":[{"embeddable":true,"href":"https:\/\/lavereda.com.mx\/index.php\/wp-json\/wp\/v2\/users\/1"}],"replies":[{"embeddable":true,"href":"https:\/\/lavereda.com.mx\/index.php\/wp-json\/wp\/v2\/comments?post=3068"}],"version-history":[{"count":2,"href":"https:\/\/lavereda.com.mx\/index.php\/wp-json\/wp\/v2\/posts\/3068\/revisions"}],"predecessor-version":[{"id":3071,"href":"https:\/\/lavereda.com.mx\/index.php\/wp-json\/wp\/v2\/posts\/3068\/revisions\/3071"}],"wp:featuredmedia":[{"embeddable":true,"href":"https:\/\/lavereda.com.mx\/index.php\/wp-json\/wp\/v2\/media\/3069"}],"wp:attachment":[{"href":"https:\/\/lavereda.com.mx\/index.php\/wp-json\/wp\/v2\/media?parent=3068"}],"wp:term":[{"taxonomy":"category","embeddable":true,"href":"https:\/\/lavereda.com.mx\/index.php\/wp-json\/wp\/v2\/categories?post=3068"},{"taxonomy":"post_tag","embeddable":true,"href":"https:\/\/lavereda.com.mx\/index.php\/wp-json\/wp\/v2\/tags?post=3068"}],"curies":[{"name":"wp","href":"https:\/\/api.w.org\/{rel}","templated":true}]}}