{"id":3061,"date":"2022-01-18T06:06:10","date_gmt":"2022-01-18T06:06:10","guid":{"rendered":"http:\/\/lavereda.com.mx\/?p=3061"},"modified":"2022-01-18T06:06:12","modified_gmt":"2022-01-18T06:06:12","slug":"entregan-coleccion-de-arte-del-poeta-carlos-pellicer-camara","status":"publish","type":"post","link":"https:\/\/lavereda.com.mx\/index.php\/2022\/01\/18\/entregan-coleccion-de-arte-del-poeta-carlos-pellicer-camara\/","title":{"rendered":"Entregan colecci\u00f3n de arte del poeta Carlos Pellicer C\u00e1mara"},"content":{"rendered":"\n<p>La Presidencia de la Rep\u00fablica, a trav\u00e9s de la Coordinaci\u00f3n de Memoria Hist\u00f3rica y Cultural de M\u00e9xico, y la Secretar\u00eda de Cultura federal, junto con el Instituto Nacional de Bellas Artes y Literatura (Inbal), la Loter\u00eda Nacional y el Servicio Postal Mexicano conmemoraron el 125 aniversario del natalicio del poeta tabasque\u00f1o Carlos Pellicer C\u00e1mara en el Palacio de Bellas Artes.<\/p>\n\n\n\n<p>En la ceremonia recordaron el legado literario de Carlos Pellicer, durante la cual agradecieron al artista Carlos Pellicer L\u00f3pez la donaci\u00f3n hecha al pueblo de M\u00e9xico de un importante acervo de la colecci\u00f3n de arte perteneciente al poeta tabasque\u00f1o, as\u00ed como del artista duranguense Mario Alonso Ostolaza.<\/p>\n\n\n\n<p>A este acto de reconocimiento asistieron la escritora y presidenta del Consejo Asesor Honorario de la Coordinaci\u00f3n de Memoria Hist\u00f3rica y Cultural de M\u00e9xico, Beatriz Guti\u00e9rrez M\u00fcller; en representaci\u00f3n del presidente de M\u00e9xico, Andr\u00e9s Manuel L\u00f3pez Obrador, el secretario de Gobernaci\u00f3n, Ad\u00e1n Augusto L\u00f3pez Hern\u00e1ndez; la secretaria de Cultura, Alejandra Frausto Guerrero; la directora general del Instituto Nacional de Bellas Artes y Literatura, Lucina Jim\u00e9nez L\u00f3pez, y el artista pl\u00e1stico Carlos Pellicer L\u00f3pez.<\/p>\n\n\n\n<p>Tambi\u00e9n estuvieron el coordinador de Memoria Hist\u00f3rica, Eduardo Villegas Meg\u00edas; la directora general de la Loter\u00eda Nacional, Margarita Gonz\u00e1lez Sarabia, y la directora general del Servicio Postal Mexicano, Roc\u00edo B\u00e1rcenas Molina.<\/p>\n\n\n\n<div class=\"wp-block-columns is-layout-flex wp-container-core-columns-is-layout-9d6595d7 wp-block-columns-is-layout-flex\">\n<div class=\"wp-block-column is-layout-flow wp-block-column-is-layout-flow\" style=\"flex-basis:100%\">\n<div class=\"wp-block-image\"><figure class=\"aligncenter size-large is-resized\"><img fetchpriority=\"high\" decoding=\"async\" src=\"https:\/\/lavereda.com.mx\/wp-content\/uploads\/2022\/01\/EEC7-e1642485839677.jpeg\" alt=\"\" class=\"wp-image-3064\" width=\"389\" height=\"260\"\/><\/figure><\/div>\n\n\n\n<figure class=\"wp-block-gallery aligncenter columns-2 is-cropped wp-block-gallery-1 is-layout-flex wp-block-gallery-is-layout-flex\"><ul class=\"blocks-gallery-grid\"><li class=\"blocks-gallery-item\"><figure><img decoding=\"async\" width=\"1024\" height=\"683\" src=\"https:\/\/lavereda.com.mx\/wp-content\/uploads\/2022\/01\/EEC6-1024x683.jpeg\" alt=\"\" data-id=\"3063\" data-full-url=\"https:\/\/lavereda.com.mx\/wp-content\/uploads\/2022\/01\/EEC6-e1642485830215.jpeg\" data-link=\"https:\/\/lavereda.com.mx\/?attachment_id=3063\" class=\"wp-image-3063\"\/><\/figure><\/li><li class=\"blocks-gallery-item\"><figure><img decoding=\"async\" width=\"1024\" height=\"683\" src=\"https:\/\/lavereda.com.mx\/wp-content\/uploads\/2022\/01\/EEC2-1024x683.jpeg\" alt=\"\" data-id=\"3065\" data-full-url=\"https:\/\/lavereda.com.mx\/wp-content\/uploads\/2022\/01\/EEC2-e1642485848315.jpeg\" data-link=\"https:\/\/lavereda.com.mx\/?attachment_id=3065\" class=\"wp-image-3065\"\/><\/figure><\/li><\/ul><\/figure>\n<\/div>\n<\/div>\n\n\n\n<p><strong>El Palacio de Bellas Artes siempre ser\u00e1 casa de Carlos Pellicer C\u00e1mara<\/strong><\/p>\n\n\n\n<p>Por su parte, la secretaria Alejandra Frausto Guerrero afirm\u00f3 que el Palacio de Bellas Artes es un espacio vivo y testigo de la historia, es \u201cespacio que fue y ser\u00e1 siempre casa de Carlos Pellicer C\u00e1mara, el gran poeta, lo fue siempre, independientemente de si escrib\u00eda un soneto, dirig\u00eda una instituci\u00f3n o imaginaba un museo, la po\u00e9tica nunca lo abandonaba.<\/p>\n\n\n\n<blockquote class=\"wp-block-quote is-layout-flow wp-block-quote-is-layout-flow\"><p>\u201cHoy celebramos al poeta, al servidor p\u00fablico poeta, al hombre valiente de su tiempo, al maestro humanista, quien form\u00f3 mentes, corazones y conciencias como las que rigen esta naci\u00f3n. Qu\u00e9 feliz se pondr\u00eda de ver a un humanista dando clases de historia a las siete de la ma\u00f1ana todos los d\u00edas, a la vez que saca de la miseria y del olvido a los millones que quedaron atr\u00e1s\u00bb.<\/p><\/blockquote>\n\n\n\n<p>La titular de la Secretar\u00eda de Cultura coment\u00f3 que esta colecci\u00f3n ser\u00e1 puesta en valor en el Museo Nacional de Arte, ante lo cual anunci\u00f3 que \u201cen agradecimiento, una sala de conservaci\u00f3n de este museo llevar\u00e1 su nombre a partir de hoy. Es una colecci\u00f3n muy valiosa por las firmas, pinceles y miradas que contiene\u201d.<\/p>\n\n\n\n<p>En tanto, el artista Carlos Pellicer L\u00f3pez, al agradecer al Gobierno de M\u00e9xico el reconocimiento de la trayectoria literaria de Carlos Pellicer C\u00e1mara, don\u00f3 al pueblo de M\u00e9xico 651 piezas y documentales de la colecci\u00f3n de arte de su t\u00edo, as\u00ed como mil 426 obras del artista duranguense Mario Alonso Ostolaza.<\/p>\n\n\n\n<p>\u201cCarlos Pellicer es uno de nuestros tabasque\u00f1os universales. Mientras m\u00e1s conozco a los habitantes de esas aguas \u2013como \u00e9l gustaba llamarlas-, m\u00e1s comprendo no solo las profundas ra\u00edces que le dieron al poeta, sino sus flores y sus frutos, su deslumbrante poes\u00eda que bien podemos calificar como tabasque\u00f1a, entra\u00f1ablemente tabasque\u00f1a. Hoy lo recordamos por la fecha de su nacimiento, algo que nunca le hubiera gustado recordar y menos en p\u00fablico; cuando le preguntaban cu\u00e1ntos a\u00f1os ten\u00eda, contestaba: \u2018Mire compa\u00f1ero, yo puedo tener muchas cosas, menos edad\u2019.&nbsp;<\/p>\n\n\n\n<p>\u201cAqu\u00ed estamos hoy, pens\u00e1ndolo de todo coraz\u00f3n, y aprovechando la oportunidad para poner en las mejores manos algo de los poemas pintados que coleccion\u00f3 en su vida. Desde hace muchos a\u00f1os, como en los cuentos, esperaba la llegada de este momento, en el que se cierra una cadena de fortuna. Cuando muri\u00f3 mi t\u00edo Carlos \u2013hace ya casi 45 a\u00f1os-, me toc\u00f3 heredar entre tantas bendiciones, la mitad de la colecci\u00f3n de su pintura; desde entonces empec\u00e9 a pensar d\u00f3nde y c\u00f3mo acomodar ese universo. No era f\u00e1cil, no era prudente legar este acervo a otra administraci\u00f3n, a otro gobierno. Ahora es el tiempo ideal\u201d.<\/p>\n\n\n\n<p>El presidente de M\u00e9xico, Andr\u00e9s Manuel L\u00f3pez Obrador, en su mensaje transmitido en video, rese\u00f1\u00f3 su acercamiento al poeta tabasque\u00f1o Carlos Pellicer C\u00e1mara, recordando su trayectoria como pol\u00edtico y promotor del arte mexicano.<\/p>\n\n\n\n<p>Destac\u00f3 el importante legado del poeta tabasque\u00f1o en la creaci\u00f3n de reconocidos espacios culturales en el pa\u00eds. Tambi\u00e9n se\u00f1al\u00f3 la \u00e9tica social y pol\u00edtica de Pellicer C\u00e1mara al referir que \u201cunos d\u00edas antes de morir, lo visit\u00e9. Estaba postrado, pero platicamos; ten\u00eda la esperanza de recuperarse; me pidi\u00f3 vernos dos d\u00edas despu\u00e9s con el prop\u00f3sito de buscar una alternativa para lo del fideicomiso para los pueblos chontales; le dije que no se preocupara, que primero era su salud y \u00e9l me insisti\u00f3 porque realmente ten\u00eda la preocupaci\u00f3n por la gente pobre. Por la ma\u00f1ana del 16 de febrero de 1977, d\u00eda en que volver\u00edamos a encontrarnos, me enter\u00e9 que hab\u00eda muerto\u201d.<\/p>\n\n\n\n<p>Record\u00f3 que unos meses antes de su partida, en una entrevista, el poeta hab\u00eda confesado: \u201cFui pol\u00edtico de calle durante toda mi vida. Soy socialista y creo en la igualdad de los humanos. Me entristece la pobreza de la mayor\u00eda y la riqueza de unos cuantos. Pienso que poco a poco el mundo entero y, por supuesto, M\u00e9xico, alcanzar\u00e1n la justicia\u201d.<\/p>\n\n\n\n<p>El presidente Andr\u00e9s Manuel L\u00f3pez Obrador expres\u00f3 al terminar su mensaje: \u201ccreo que mi maestro se sentir\u00eda orgulloso de saber que, en su tierra, en su agua y en todo el pa\u00eds seguimos trabajando con la misma convicci\u00f3n de siempre: la de no hacerle mal a nadie y atender de manera preferente a los pobres y a olvidados de M\u00e9xico\u201d.<\/p>\n\n\n\n<p>Sigue las redes sociales de la Secretar\u00eda de Cultura en Twitter (@cultura_mx), Facebook (\/SecretariaCulturaMX) e Instagram (@culturamx).\u00a0\u00a0<\/p>\n","protected":false},"excerpt":{"rendered":"<p>La Presidencia de la Rep\u00fablica, a trav\u00e9s de la Coordinaci\u00f3n de Memoria Hist\u00f3rica y Cultural de M\u00e9xico, y la Secretar\u00eda de Cultura federal, junto con el Instituto Nacional de Bellas &hellip; <a href=\"https:\/\/lavereda.com.mx\/index.php\/2022\/01\/18\/entregan-coleccion-de-arte-del-poeta-carlos-pellicer-camara\/\" class=\"more-link\">Leer m\u00e1s<\/a><\/p>\n","protected":false},"author":1,"featured_media":3062,"comment_status":"open","ping_status":"open","sticky":false,"template":"","format":"standard","meta":{"footnotes":""},"categories":[3,18],"tags":[],"class_list":["post-3061","post","type-post","status-publish","format-standard","has-post-thumbnail","hentry","category-artes-visuales","category-lomasrelevante","entry"],"_links":{"self":[{"href":"https:\/\/lavereda.com.mx\/index.php\/wp-json\/wp\/v2\/posts\/3061","targetHints":{"allow":["GET"]}}],"collection":[{"href":"https:\/\/lavereda.com.mx\/index.php\/wp-json\/wp\/v2\/posts"}],"about":[{"href":"https:\/\/lavereda.com.mx\/index.php\/wp-json\/wp\/v2\/types\/post"}],"author":[{"embeddable":true,"href":"https:\/\/lavereda.com.mx\/index.php\/wp-json\/wp\/v2\/users\/1"}],"replies":[{"embeddable":true,"href":"https:\/\/lavereda.com.mx\/index.php\/wp-json\/wp\/v2\/comments?post=3061"}],"version-history":[{"count":1,"href":"https:\/\/lavereda.com.mx\/index.php\/wp-json\/wp\/v2\/posts\/3061\/revisions"}],"predecessor-version":[{"id":3066,"href":"https:\/\/lavereda.com.mx\/index.php\/wp-json\/wp\/v2\/posts\/3061\/revisions\/3066"}],"wp:featuredmedia":[{"embeddable":true,"href":"https:\/\/lavereda.com.mx\/index.php\/wp-json\/wp\/v2\/media\/3062"}],"wp:attachment":[{"href":"https:\/\/lavereda.com.mx\/index.php\/wp-json\/wp\/v2\/media?parent=3061"}],"wp:term":[{"taxonomy":"category","embeddable":true,"href":"https:\/\/lavereda.com.mx\/index.php\/wp-json\/wp\/v2\/categories?post=3061"},{"taxonomy":"post_tag","embeddable":true,"href":"https:\/\/lavereda.com.mx\/index.php\/wp-json\/wp\/v2\/tags?post=3061"}],"curies":[{"name":"wp","href":"https:\/\/api.w.org\/{rel}","templated":true}]}}