{"id":3057,"date":"2022-01-18T05:58:45","date_gmt":"2022-01-18T05:58:45","guid":{"rendered":"http:\/\/lavereda.com.mx\/?p=3057"},"modified":"2022-01-18T05:58:47","modified_gmt":"2022-01-18T05:58:47","slug":"gustavo-cantu-nuevo-coordinador-de-bibliotecas-en-coahuila","status":"publish","type":"post","link":"https:\/\/lavereda.com.mx\/index.php\/2022\/01\/18\/gustavo-cantu-nuevo-coordinador-de-bibliotecas-en-coahuila\/","title":{"rendered":"Gustavo Cant\u00fa nuevo coordinador de bibliotecas en Coahuila"},"content":{"rendered":"\n<p>Saltillo, Coahuila de Zaragoza. Como parte del impulso de las 151 Bibliotecas e Infotecas de Coahuila, desde ayer la Coordinaci\u00f3n General de Bibliotecas, Publicaciones y Librer\u00edas del Estado tiene un nuevo titular.<\/p>\n\n\n\n<p>A nombre del gobernador Miguel \u00c1ngel Riquelme Sol\u00eds, el Secretario de Educaci\u00f3n, Francisco Saracho Navarro, entreg\u00f3 el nombramiento a Gustavo Cant\u00fa Casta\u00f1eda como Coordinador, y destac\u00f3 su labor dentro del \u00e1mbito educativo.&nbsp;<\/p>\n\n\n\n<p>Desde las oficinas de la CGBPyL, ubicadas en el Bulevar Eulalio Guti\u00e9rrez, el personal le dio la bienvenida a Gustavo Cant\u00fa, quien se pronunci\u00f3 a favor del trabajo en equipo, la solidaridad y el compa\u00f1erismo.&nbsp;<\/p>\n\n\n\n<blockquote class=\"wp-block-quote is-layout-flow wp-block-quote-is-layout-flow\"><p>\u201cVamos a continuar la labor que ha venido consolidando a las bibliotecas de nuestro estado para el beneficio de todos los coahuilenses\u201d, destac\u00f3.\u00a0<\/p><cite>Gustavo Cant\u00fa Casta\u00f1eda<\/cite><\/blockquote>\n\n\n\n<div class=\"wp-block-image\"><figure class=\"aligncenter size-large is-resized\"><img fetchpriority=\"high\" decoding=\"async\" src=\"https:\/\/lavereda.com.mx\/wp-content\/uploads\/2022\/01\/001-GUSTAVO-CANTU\u0301-CASTAN\u0303EDA-ES-EL-NUEVO-COORDINADOR-GENERAL-DE-BIBLIOTECAS-DE-COAHUILA-1024x681.jpeg\" alt=\"\" class=\"wp-image-3058\" width=\"419\" height=\"278\"\/><\/figure><\/div>\n\n\n\n<p>Gustavo Cant\u00fa llega en sustituci\u00f3n de Alfonso V\u00e1zquez Sotelo, acaecido a mediados del a\u00f1o pasado.&nbsp;<\/p>\n\n\n\n<p><\/p>\n","protected":false},"excerpt":{"rendered":"<p>Saltillo, Coahuila de Zaragoza. Como parte del impulso de las 151 Bibliotecas e Infotecas de Coahuila, desde ayer la Coordinaci\u00f3n General de Bibliotecas, Publicaciones y Librer\u00edas del Estado tiene un &hellip; <a href=\"https:\/\/lavereda.com.mx\/index.php\/2022\/01\/18\/gustavo-cantu-nuevo-coordinador-de-bibliotecas-en-coahuila\/\" class=\"more-link\">Leer m\u00e1s<\/a><\/p>\n","protected":false},"author":1,"featured_media":3059,"comment_status":"open","ping_status":"open","sticky":false,"template":"","format":"standard","meta":{"footnotes":""},"categories":[5,18,8],"tags":[],"class_list":["post-3057","post","type-post","status-publish","format-standard","has-post-thumbnail","hentry","category-letras-y-libros","category-lomasrelevante","category-sociedad","entry"],"_links":{"self":[{"href":"https:\/\/lavereda.com.mx\/index.php\/wp-json\/wp\/v2\/posts\/3057","targetHints":{"allow":["GET"]}}],"collection":[{"href":"https:\/\/lavereda.com.mx\/index.php\/wp-json\/wp\/v2\/posts"}],"about":[{"href":"https:\/\/lavereda.com.mx\/index.php\/wp-json\/wp\/v2\/types\/post"}],"author":[{"embeddable":true,"href":"https:\/\/lavereda.com.mx\/index.php\/wp-json\/wp\/v2\/users\/1"}],"replies":[{"embeddable":true,"href":"https:\/\/lavereda.com.mx\/index.php\/wp-json\/wp\/v2\/comments?post=3057"}],"version-history":[{"count":1,"href":"https:\/\/lavereda.com.mx\/index.php\/wp-json\/wp\/v2\/posts\/3057\/revisions"}],"predecessor-version":[{"id":3060,"href":"https:\/\/lavereda.com.mx\/index.php\/wp-json\/wp\/v2\/posts\/3057\/revisions\/3060"}],"wp:featuredmedia":[{"embeddable":true,"href":"https:\/\/lavereda.com.mx\/index.php\/wp-json\/wp\/v2\/media\/3059"}],"wp:attachment":[{"href":"https:\/\/lavereda.com.mx\/index.php\/wp-json\/wp\/v2\/media?parent=3057"}],"wp:term":[{"taxonomy":"category","embeddable":true,"href":"https:\/\/lavereda.com.mx\/index.php\/wp-json\/wp\/v2\/categories?post=3057"},{"taxonomy":"post_tag","embeddable":true,"href":"https:\/\/lavereda.com.mx\/index.php\/wp-json\/wp\/v2\/tags?post=3057"}],"curies":[{"name":"wp","href":"https:\/\/api.w.org\/{rel}","templated":true}]}}