{"id":3053,"date":"2022-01-17T17:23:20","date_gmt":"2022-01-17T17:23:20","guid":{"rendered":"http:\/\/lavereda.com.mx\/?p=3053"},"modified":"2022-01-17T17:24:28","modified_gmt":"2022-01-17T17:24:28","slug":"mis-pies-tienen-raiz-postales-de-vida-de-mujeres-en-la-historia","status":"publish","type":"post","link":"https:\/\/lavereda.com.mx\/index.php\/2022\/01\/17\/mis-pies-tienen-raiz-postales-de-vida-de-mujeres-en-la-historia\/","title":{"rendered":"\u201cMis pies tienen ra\u00edz\u201d: postales de vida de mujeres en la historia"},"content":{"rendered":"\n<p>Porque la Historia (con may\u00fascula) ha eliminado a muchas mujeres de sus l\u00edneas, aun siguen surgiendo proyectos para visibilizar el papel que muchas artistas, escritoras, cient\u00edficas o activistas desempe\u00f1aron desde tiempos remotos hasta la actualidad.<\/p>\n\n\n\n<p>El colectivo C\u00famulo de Tesla reuni\u00f3 en el libro \u201cMis pies tienen ra\u00edz\u201d de Editorial Oc\u00e9ano, a mujeres del mundo de habla hispana que se distinguen por su calidad como seres humanos y su lucha personal.&nbsp;<\/p>\n\n\n\n<p>A partir del enfoque en sus vidas y en sus trayectorias (visuales, musicales, literarias, acad\u00e9micas, altruistas, etc.) nacen los v\u00ednculos que las ligan de forma natural sin importar su lugar de origen y de \u00e9poca. De ellas se habla m\u00e1s como seres humanos que como las hero\u00ednas que son.&nbsp;<\/p>\n\n\n\n<p>Este \u00e1lbum ilustrado presenta un tejido de mujeres con diversas disciplinas y oficios que exponen los pensamientos e inquietudes desde la edad media hasta la actualidad.<\/p>\n\n\n\n<p>En las p\u00e1ginas de este \u00e1lbum infantil que tambi\u00e9n es para adultos se puede encontrar la vida de: Ana Roqu\u00e9, Ang\u00e9lica Gorodischer, Elena Garro, Silvia Pinal, F\u00e1tima de Madrid y Marisol, Gabriela Mistral, entre otras mujeres.&nbsp;<\/p>\n\n\n\n<p>David Venegas, bi\u00f3logo de la UNAM, integrante de este colectivo habl\u00f3 en entrevista sobre los or\u00edgenes del proyecto, que es ilustrado magistralmente por Atenea Castillo:<\/p>\n\n\n\n<blockquote class=\"wp-block-quote is-layout-flow wp-block-quote-is-layout-flow\"><p>\u201cLa mujer n\u00facleo es Sor Juana In\u00e9s de la Cruz, imaginemos que Sor Juana hace una invitaci\u00f3n a mujeres con las que ella podr\u00eda sentarse a conversar y tener una pl\u00e1tica enriquecedora en una mesa de caf\u00e9, hicimos una lista de alrededor de 150 mujeres, pero nos dimos cuenta que hab\u00eda mucha informaci\u00f3n de mujeres de Espa\u00f1a, de M\u00e9xico, de Argentina, pero \u00bfd\u00f3nde est\u00e1 el Caribe y el resto de Am\u00e9rica del Sur?, tuvimos que hacer una labor m\u00e1s intensa de b\u00fasqueda, que fuera lo m\u00e1s incluyente posible\u201d.<\/p><\/blockquote>\n\n\n\n<p>Comparti\u00f3 que \u201cC\u00famulo de Tesla\u201d surge a partir de la necesidad una interacci\u00f3n de la academia, la ciencia, las artes, la literatura y cultura en general. El proyecto creci\u00f3, hay escritoras, artistas sonoras, cient\u00edficas.<\/p>\n\n\n\n<p>\u201cCreemos que es muy importante esta interacci\u00f3n, para cambiar un poco la manera de pensar de nuestro mundo, se requiere m\u00e1s que imposiciones de una sensibilizaci\u00f3n, entender el pensamiento de otros\u201d.<\/p>\n\n\n\n<p><strong><em>De las mujeres en este libro se habla m\u00e1s como seres humanos que como las hero\u00ednas que son\u2026 \u00bfpor qu\u00e9 este concepto?<\/em><\/strong><\/p>\n\n\n\n<blockquote class=\"wp-block-quote is-layout-flow wp-block-quote-is-layout-flow\"><p>\u201cNo quer\u00edamos que fuera un libro aspiracionista, de modelos a seguir. Estas mujeres si bien hicieron cosas especiales, estaban haciendo lo que a ellas les gustaba hacer, lo que su intuici\u00f3n les dec\u00eda, su bienestar, es algo que todas las personas deber\u00edan hacer en sus vidas y que se les ha negado a las mujeres en mucho tiempo.<\/p><p>\u201cLos h\u00e9roes en la historia siempre est\u00e1n en ese manto ol\u00edmpico. Son casi casi semidioses. Los alejan mucho del humano que fueron, no quer\u00edamos que fuera un mauselo, no un lugar donde vieran a personas que ya fallecieron, sino mantenerlas vivas en la memoria. No quisimos hacer textos estilos biograf\u00edas, sino retratos, el texto es una postal. Una postal de su vida\u00bb.<\/p><\/blockquote>\n\n\n\n<p>\u00bf<em style=\"font-weight: bold;\">C\u00f3mo nace el inter\u00e9s del colectivo por contar la historia de las mujeres?<\/em><\/p>\n\n\n\n<p>Las personas que integramos el colectivo, son mayormente mujeres, dentro de los miembros estables solo somos dos hombres. Inevitable y afortunadamente el cumulo evolucion\u00f3 a una visi\u00f3n muy feminista.<\/p>\n\n\n\n<p>La Historia ha quitado a muchas mujeres. Primero hubo un proyecto para llevar informaci\u00f3n de mujeres de ciencia a las preparatorias de la Ciudad de M\u00e9xico. La editorial se entera y nos solicita esta colaboraci\u00f3n.<\/p>\n\n\n\n<p>Finalmente, coment\u00f3 que este libro va dirigido a p\u00fablico juvenil, \u201cpero cualquier persona puede disfrutarlo y leerlo, son retratos maravillosos, con la esencia, la personalidad de estas mujeres\u201d.<\/p>\n","protected":false},"excerpt":{"rendered":"<p>Porque la Historia (con may\u00fascula) ha eliminado a muchas mujeres de sus l\u00edneas, aun siguen surgiendo proyectos para visibilizar el papel que muchas artistas, escritoras, cient\u00edficas o activistas desempe\u00f1aron desde &hellip; <a href=\"https:\/\/lavereda.com.mx\/index.php\/2022\/01\/17\/mis-pies-tienen-raiz-postales-de-vida-de-mujeres-en-la-historia\/\" class=\"more-link\">Leer m\u00e1s<\/a><\/p>\n","protected":false},"author":9,"featured_media":3054,"comment_status":"open","ping_status":"open","sticky":false,"template":"","format":"standard","meta":{"footnotes":""},"categories":[12,5,18],"tags":[23,25,24],"class_list":["post-3053","post","type-post","status-publish","format-standard","has-post-thumbnail","hentry","category-equidad","category-letras-y-libros","category-lomasrelevante","tag-genero","tag-historia","tag-mujeres","entry"],"_links":{"self":[{"href":"https:\/\/lavereda.com.mx\/index.php\/wp-json\/wp\/v2\/posts\/3053","targetHints":{"allow":["GET"]}}],"collection":[{"href":"https:\/\/lavereda.com.mx\/index.php\/wp-json\/wp\/v2\/posts"}],"about":[{"href":"https:\/\/lavereda.com.mx\/index.php\/wp-json\/wp\/v2\/types\/post"}],"author":[{"embeddable":true,"href":"https:\/\/lavereda.com.mx\/index.php\/wp-json\/wp\/v2\/users\/9"}],"replies":[{"embeddable":true,"href":"https:\/\/lavereda.com.mx\/index.php\/wp-json\/wp\/v2\/comments?post=3053"}],"version-history":[{"count":2,"href":"https:\/\/lavereda.com.mx\/index.php\/wp-json\/wp\/v2\/posts\/3053\/revisions"}],"predecessor-version":[{"id":3056,"href":"https:\/\/lavereda.com.mx\/index.php\/wp-json\/wp\/v2\/posts\/3053\/revisions\/3056"}],"wp:featuredmedia":[{"embeddable":true,"href":"https:\/\/lavereda.com.mx\/index.php\/wp-json\/wp\/v2\/media\/3054"}],"wp:attachment":[{"href":"https:\/\/lavereda.com.mx\/index.php\/wp-json\/wp\/v2\/media?parent=3053"}],"wp:term":[{"taxonomy":"category","embeddable":true,"href":"https:\/\/lavereda.com.mx\/index.php\/wp-json\/wp\/v2\/categories?post=3053"},{"taxonomy":"post_tag","embeddable":true,"href":"https:\/\/lavereda.com.mx\/index.php\/wp-json\/wp\/v2\/tags?post=3053"}],"curies":[{"name":"wp","href":"https:\/\/api.w.org\/{rel}","templated":true}]}}