{"id":3040,"date":"2022-01-13T17:34:09","date_gmt":"2022-01-13T17:34:09","guid":{"rendered":"http:\/\/lavereda.com.mx\/?p=3040"},"modified":"2022-01-13T17:34:11","modified_gmt":"2022-01-13T17:34:11","slug":"conmemoran-el-400-aniversario-del-natalicio-de-moliere","status":"publish","type":"post","link":"https:\/\/lavereda.com.mx\/index.php\/2022\/01\/13\/conmemoran-el-400-aniversario-del-natalicio-de-moliere\/","title":{"rendered":"Conmemoran el 400 aniversario del natalicio de Moliere"},"content":{"rendered":"\n<p>El nombre del dramaturgo franc\u00e9s Moli\u00e8re ha trascendido ya cuatro siglos de historia, por ello el Instituto Municipal de Cultura y Educaci\u00f3n, en coordinaci\u00f3n con la Alianza Francesa de Torre\u00f3n y el Museo Regional de la Laguna (MUREL), invita al p\u00fablico a la conmemoraci\u00f3n del 400 aniversario del natalicio del c\u00e9lebre escritor, con una pl\u00e1tica a cargo del conferencista Antonio \u00c1lvarez Mesta,  este s\u00e1bado 15 de enero a las 19:00 hrs. en el auditorio del Museo Regional de la Laguna (MUREL).<\/p>\n\n\n\n<p>La charla ser\u00e1 con cupo limitado y transmisi\u00f3n en vivo a trav\u00e9s de facebook live (@IMCETorreon). El acceso al auditorio ser\u00e1 libre, sin embargo se les solicita de manera atenta a los visitantes el uso obligatorio de cubrebocas, asimismo\u00a0\u00a0seguir todos los protocolos sanitarios.<\/p>\n\n\n\n<p>Antonio \u00c1lvarez Mesta (1960), ha ejercido la docencia en diversas instituciones educativas, tanto de nivel b\u00e1sico como superior en Torre\u00f3n, tiene centenares de art\u00edculos publicados en diversos medios, y cerca de un millar de participaciones radiof\u00f3nicas sobre temas culturales. \u00c9l insiste en concebirse como un&nbsp;<em>eterno aprendiz y un jubiloso estudiante de tiempo completo<\/em>.&nbsp;<\/p>\n\n\n\n<p>Hablar de Moli\u00e8re, es hablar de la historia de las artes esc\u00e9nicas, el ic\u00f3nico dramaturgo franc\u00e9s nacido un 15 de enero de 1622, es reconocido por el impacto que generaron sus cr\u00edticas hacia&nbsp;&nbsp;la alta sociedad francesa de su tiempo, a trav\u00e9s de obras como \u201cLas preciosas rid\u00edculas\u201d (La cual fue su primer \u00e9xito), \u201cLa escuela de lo maridos\u201d, \u201cTartufo\u201d y \u201cEl enfermo imaginario\u201d, \u00e9sta \u00faltima, ir\u00f3nicamente fue la \u00faltima obra en la que particip\u00f3, sintiendo malestar sobre el escenario, y muriendo solo unas horas despu\u00e9s, dicha obra era una s\u00e1tira contra el gremio m\u00e9dico, el cual constantemente criticado por el autor.<\/p>\n\n\n\n<p>El nombre de Moli\u00e8re ha trascendido ya cuatro siglos de historia, la popularidad de su obra sobrepasa a los contempor\u00e1neos de su \u00e9poca, por esta raz\u00f3n, es que su natalicio no ha pasado desapercibido en su pa\u00eds natal, donde se le conmemorar\u00e1 con funciones de teatro,&nbsp;&nbsp;conferencias y actividades que se replicar\u00e1n en diversos sitios, incluso otros pa\u00edses, en este caso, Torre\u00f3n se suma a esta fecha especial con la conferencia que cuenta con la colaboraci\u00f3n de la Alianza Francesa y el Museo Regional de la Laguna (MUREL).<\/p>\n","protected":false},"excerpt":{"rendered":"<p>El nombre del dramaturgo franc\u00e9s Moli\u00e8re ha trascendido ya cuatro siglos de historia, por ello el Instituto Municipal de Cultura y Educaci\u00f3n, en coordinaci\u00f3n con la Alianza Francesa de Torre\u00f3n &hellip; <a href=\"https:\/\/lavereda.com.mx\/index.php\/2022\/01\/13\/conmemoran-el-400-aniversario-del-natalicio-de-moliere\/\" class=\"more-link\">Leer m\u00e1s<\/a><\/p>\n","protected":false},"author":1,"featured_media":3041,"comment_status":"open","ping_status":"open","sticky":false,"template":"","format":"standard","meta":{"footnotes":""},"categories":[2,18],"tags":[],"class_list":["post-3040","post","type-post","status-publish","format-standard","has-post-thumbnail","hentry","category-artes-escenicas","category-lomasrelevante","entry"],"_links":{"self":[{"href":"https:\/\/lavereda.com.mx\/index.php\/wp-json\/wp\/v2\/posts\/3040","targetHints":{"allow":["GET"]}}],"collection":[{"href":"https:\/\/lavereda.com.mx\/index.php\/wp-json\/wp\/v2\/posts"}],"about":[{"href":"https:\/\/lavereda.com.mx\/index.php\/wp-json\/wp\/v2\/types\/post"}],"author":[{"embeddable":true,"href":"https:\/\/lavereda.com.mx\/index.php\/wp-json\/wp\/v2\/users\/1"}],"replies":[{"embeddable":true,"href":"https:\/\/lavereda.com.mx\/index.php\/wp-json\/wp\/v2\/comments?post=3040"}],"version-history":[{"count":1,"href":"https:\/\/lavereda.com.mx\/index.php\/wp-json\/wp\/v2\/posts\/3040\/revisions"}],"predecessor-version":[{"id":3042,"href":"https:\/\/lavereda.com.mx\/index.php\/wp-json\/wp\/v2\/posts\/3040\/revisions\/3042"}],"wp:featuredmedia":[{"embeddable":true,"href":"https:\/\/lavereda.com.mx\/index.php\/wp-json\/wp\/v2\/media\/3041"}],"wp:attachment":[{"href":"https:\/\/lavereda.com.mx\/index.php\/wp-json\/wp\/v2\/media?parent=3040"}],"wp:term":[{"taxonomy":"category","embeddable":true,"href":"https:\/\/lavereda.com.mx\/index.php\/wp-json\/wp\/v2\/categories?post=3040"},{"taxonomy":"post_tag","embeddable":true,"href":"https:\/\/lavereda.com.mx\/index.php\/wp-json\/wp\/v2\/tags?post=3040"}],"curies":[{"name":"wp","href":"https:\/\/api.w.org\/{rel}","templated":true}]}}