{"id":3028,"date":"2022-01-12T17:42:54","date_gmt":"2022-01-12T17:42:54","guid":{"rendered":"http:\/\/lavereda.com.mx\/?p=3028"},"modified":"2022-01-13T01:21:21","modified_gmt":"2022-01-13T01:21:21","slug":"se-acerca-12a-edicion-de-myfrenchfilmfestival","status":"publish","type":"post","link":"https:\/\/lavereda.com.mx\/index.php\/2022\/01\/12\/se-acerca-12a-edicion-de-myfrenchfilmfestival\/","title":{"rendered":"Se acerca la 12\u00aa edici\u00f3n de My French Film Festival"},"content":{"rendered":"\n<p><strong>Ciudad de M\u00e9xico.-<\/strong>\u00a0En la casa de Francia de la Ciudad de M\u00e9xico, se dieron a conocer los pormenores de la edici\u00f3n 12va. de My French Film Festival, que permitir\u00e1 a todo el p\u00fablico del mundo especialmente de M\u00e9xico compartir su amor por el cine franc\u00e9s y disfrutarlo en l\u00ednea, las cintas seleccionadas est\u00e1n subtituladas en espa\u00f1ol. La selecci\u00f3n de 2022 se basa en temas representativos de la diversidad y la vitalidad del cine franc\u00f3fono, el objetivo es dar a conocer las nuevas generaciones de cineastas.\u00a0<\/p>\n\n\n\n<p>Los 27 t\u00edtulos que comprenden la selecci\u00f3n de pel\u00edculas para M\u00e9xico, se podr\u00e1n disfrutar en una variedad de plataformas para que el p\u00fablico mexicano goce de las pel\u00edculas galas desde la comodidad de su hogar, como en&nbsp;<a href=\"https:\/\/icunacuryacosta.us3.list-manage.com\/track\/click?u=e78bfe01a23fe4f291f90d771&amp;id=f732cd4dc5&amp;e=ba77eb92dd\" target=\"_blank\" rel=\"noreferrer noopener\">myfrenchfilmfestival.com<\/a>,&nbsp;<a href=\"https:\/\/icunacuryacosta.us3.list-manage.com\/track\/click?u=e78bfe01a23fe4f291f90d771&amp;id=050da20ef7&amp;e=ba77eb92dd\" target=\"_blank\" rel=\"noreferrer noopener\">YouTube<\/a>,&nbsp;<a href=\"https:\/\/icunacuryacosta.us3.list-manage.com\/track\/click?u=e78bfe01a23fe4f291f90d771&amp;id=4c34d4db75&amp;e=ba77eb92dd\" target=\"_blank\" rel=\"noreferrer noopener\">Dailymotion<\/a>,&nbsp;<a href=\"https:\/\/icunacuryacosta.us3.list-manage.com\/track\/click?u=e78bfe01a23fe4f291f90d771&amp;id=665d3b5778&amp;e=ba77eb92dd\" target=\"_blank\" rel=\"noreferrer noopener\">Apple TV<\/a>,&nbsp;<a href=\"https:\/\/icunacuryacosta.us3.list-manage.com\/track\/click?u=e78bfe01a23fe4f291f90d771&amp;id=22302fbb34&amp;e=ba77eb92dd\" target=\"_blank\" rel=\"noreferrer noopener\">Cin\u00e9polis Klic<\/a>,&nbsp;<a href=\"https:\/\/icunacuryacosta.us3.list-manage.com\/track\/click?u=e78bfe01a23fe4f291f90d771&amp;id=e7e18b993b&amp;e=ba77eb92dd\" target=\"_blank\" rel=\"noreferrer noopener\">Filminlatino<\/a>,&nbsp;<a href=\"https:\/\/icunacuryacosta.us3.list-manage.com\/track\/click?u=e78bfe01a23fe4f291f90d771&amp;id=f4d8bb33a9&amp;e=ba77eb92dd\" target=\"_blank\" rel=\"noreferrer noopener\">Mubi<\/a>&nbsp;y en&nbsp;<a href=\"https:\/\/icunacuryacosta.us3.list-manage.com\/track\/click?u=e78bfe01a23fe4f291f90d771&amp;id=524637f85f&amp;e=ba77eb92dd\" target=\"_blank\" rel=\"noreferrer noopener\">moreliafilmfest.com<\/a>,&nbsp;a partir del 14 de enero al 14 de febrero de forma gratuita.<\/p>\n\n\n\n<p>Diversos g\u00e9neros conforman la selecci\u00f3n, a continuaci\u00f3n todas las cintas disponibles:<\/p>\n\n\n\n<p><strong>French &amp; Furious \/ Franc\u00e9s y Furioso, una selecci\u00f3n de pel\u00edculas que dinamiza el joven cine de autor.<\/strong><\/p>\n\n\n\n<p><a href=\"https:\/\/icunacuryacosta.us3.list-manage.com\/track\/click?u=e78bfe01a23fe4f291f90d771&amp;id=8199a3b73a&amp;e=ba77eb92dd\" target=\"_blank\" rel=\"noreferrer noopener\"><strong><em>Un pays qui se tient sage<\/em><\/strong><\/a><strong><em>&nbsp;\/ Monopolio de la violencia<\/em><\/strong>&nbsp;de David Dufresne &#8211; Quincena de Realizadores &#8211; 2020 (Largometraje)<\/p>\n\n\n\n<p><a href=\"https:\/\/icunacuryacosta.us3.list-manage.com\/track\/click?u=e78bfe01a23fe4f291f90d771&amp;id=fa5ea8dc83&amp;e=ba77eb92dd\" target=\"_blank\" rel=\"noreferrer noopener\"><strong><em>Les D\u00e9mons de Dorothy<\/em><\/strong><\/a><strong><em>&nbsp;\/ Los Demonios de Dorothy<\/em><\/strong>&nbsp; de Alexis Langlois &#8211; Locarno &#8211; 2021 (cortometraje)<\/p>\n\n\n\n<p><a href=\"https:\/\/icunacuryacosta.us3.list-manage.com\/track\/click?u=e78bfe01a23fe4f291f90d771&amp;id=26b5edefbd&amp;e=ba77eb92dd\" target=\"_blank\" rel=\"noreferrer noopener\"><strong><em>Horacio<\/em><\/strong><\/a><strong><em>&nbsp;\/ Horacio&nbsp;<\/em><\/strong>&nbsp;de Caroline Cherrier &#8211; Annecy &#8211; 2021 (cortometraje)<\/p>\n\n\n\n<p><a href=\"https:\/\/icunacuryacosta.us3.list-manage.com\/track\/click?u=e78bfe01a23fe4f291f90d771&amp;id=7a3af569c7&amp;e=ba77eb92dd\" target=\"_blank\" rel=\"noreferrer noopener\"><strong><em>Loves hurt<\/em><\/strong><\/a><strong><em>&nbsp;\/ El amor duele<\/em><\/strong>&nbsp;de Elsa Rysto &#8211; Clermont-Ferrand &#8211; 2021 (cortometraje)<\/p>\n\n\n\n<p><strong>Intr\u00e9pide Jeunesse \/ Juventud Audaz: encrucijada sobre la energ\u00eda incondicional de la juventud<\/strong><\/p>\n\n\n\n<p><a href=\"https:\/\/icunacuryacosta.us3.list-manage.com\/track\/click?u=e78bfe01a23fe4f291f90d771&amp;id=e089b50697&amp;e=ba77eb92dd\" target=\"_blank\" rel=\"noreferrer noopener\"><strong><em>\u00c0 l&#8217;abordage<\/em><\/strong><\/a><strong><em>&nbsp;\/ Todas las manos en el mazo<\/em><\/strong><strong><em>&nbsp;<\/em><\/strong>de Guillaume Brac &#8211; Berlinale &#8211; 2020 (largometraje)<\/p>\n\n\n\n<p><a href=\"https:\/\/icunacuryacosta.us3.list-manage.com\/track\/click?u=e78bfe01a23fe4f291f90d771&amp;id=31d0516c52&amp;e=ba77eb92dd\" target=\"_blank\" rel=\"noreferrer noopener\"><strong><em>Indes Galantes<\/em><\/strong><\/a><strong><em>&nbsp;\/ Las Indias Galantes<\/em><\/strong>&nbsp;de Philippe B\u00e9ziat (largometraje)<\/p>\n\n\n\n<p><a href=\"https:\/\/icunacuryacosta.us3.list-manage.com\/track\/click?u=e78bfe01a23fe4f291f90d771&amp;id=9bd16662aa&amp;e=ba77eb92dd\" target=\"_blank\" rel=\"noreferrer noopener\"><strong><em>\u00c0 l&#8217;ancienne<\/em><\/strong><\/a><strong><em>&nbsp;&nbsp;\/ Como antes<\/em><\/strong>&nbsp;de Yasmine Bahechar, en colaboraci\u00f3n con SWISS FILMS (cortometraje)&nbsp;<\/p>\n\n\n\n<p><a href=\"https:\/\/icunacuryacosta.us3.list-manage.com\/track\/click?u=e78bfe01a23fe4f291f90d771&amp;id=1ff4c0617f&amp;e=ba77eb92dd\" target=\"_blank\" rel=\"noreferrer noopener\"><strong><em>Haut les c\u0153urs&nbsp;<\/em><\/strong><\/a><strong><em>\/ El amor cort\u00e9s<\/em><\/strong>&nbsp;&nbsp;de Adrian Moyse Dullin &#8211; Cannes &#8211; 2021 (cortometraje)<\/p>\n\n\n\n<p><strong>Identit\u00e9s boulevers\u00e9es \/ Identidades problem\u00e1ticas: cuando la b\u00fasqueda de sentido comienza con la b\u00fasqueda de uno mismo<\/strong><\/p>\n\n\n\n<p><a href=\"https:\/\/icunacuryacosta.us3.list-manage.com\/track\/click?u=e78bfe01a23fe4f291f90d771&amp;id=88795742a9&amp;e=ba77eb92dd\" target=\"_blank\" rel=\"noreferrer noopener\"><strong><em>Playlist<\/em><\/strong><\/a><strong><em>&nbsp;\/ Lista de reproducci\u00f3n<\/em><\/strong>&nbsp;de Nine Antico (largometraje)<\/p>\n\n\n\n<p><a href=\"https:\/\/icunacuryacosta.us3.list-manage.com\/track\/click?u=e78bfe01a23fe4f291f90d771&amp;id=e9e9662228&amp;e=ba77eb92dd\" target=\"_blank\" rel=\"noreferrer noopener\"><strong><em>Une vie d\u00e9mente&nbsp;<\/em><\/strong><\/a><strong><em>\/ Loca por la vida&nbsp;<\/em><\/strong>&nbsp;de Rapha\u00ebl Balboni y Ann Sirot, en colaboraci\u00f3n con Wallonie-Bruxelles Images (WBI) ( largometraje)<\/p>\n\n\n\n<p><a rel=\"noreferrer noopener\" href=\"https:\/\/icunacuryacosta.us3.list-manage.com\/track\/click?u=e78bfe01a23fe4f291f90d771&amp;id=8929f81763&amp;e=ba77eb92dd\" target=\"_blank\"><strong><em>Les Vilains Petit Canards<\/em><\/strong><\/a><strong><em>\u00a0\/ Los patitos feos<\/em><\/strong>\u00a0de Anton Balekdjian (cortometraje)<br>\u00a0<\/p>\n\n\n\n<p><strong>Cin\u00e9ma du d\u00e9sir \/ Un cin\u00e9 de deseo: ofrece un panorama del despertar al amor, el deseo y la sensualidad<\/strong><\/p>\n\n\n\n<p><a href=\"https:\/\/icunacuryacosta.us3.list-manage.com\/track\/click?u=e78bfe01a23fe4f291f90d771&amp;id=a8eda100f9&amp;e=ba77eb92dd\" target=\"_blank\" rel=\"noreferrer noopener\"><strong><em>Cigare au mie<\/em><\/strong><\/a><strong><em>l&nbsp;\/ Cigarro de miel<\/em><\/strong><strong><em>&nbsp;<\/em><\/strong>de Kamir A\u00efnouz &#8211; Giornate degli Autori (Venecia) &#8211; 2020 (largometraje)<\/p>\n\n\n\n<p><a href=\"https:\/\/icunacuryacosta.us3.list-manage.com\/track\/click?u=e78bfe01a23fe4f291f90d771&amp;id=1b21420866&amp;e=ba77eb92dd\" target=\"_blank\" rel=\"noreferrer noopener\"><strong><em>Le Milieu de l&#8217;horizon<\/em><\/strong><\/a><strong><em>&nbsp;\/ El horizonte<\/em><\/strong>&nbsp;de Delphine Lehericey &#8211; San Sebasti\u00e1n &#8211; 2019, en colaboraci\u00f3n con SWISS FILMS (largometraje)<\/p>\n\n\n\n<p><a href=\"https:\/\/icunacuryacosta.us3.list-manage.com\/track\/click?u=e78bfe01a23fe4f291f90d771&amp;id=666736ae14&amp;e=ba77eb92dd\" target=\"_blank\" rel=\"noreferrer noopener\"><strong><em>Hold Me Tight&nbsp;<\/em><\/strong><\/a><strong><em>\/ Abr\u00e1zame Fuerte<\/em><\/strong>&nbsp;de L\u00e9oluna Robert-Tourneur, en colaboraci\u00f3n con Wallonie-Bruxelles Images (WBI) (cortometraje)<\/p>\n\n\n\n<p><a href=\"https:\/\/icunacuryacosta.us3.list-manage.com\/track\/click?u=e78bfe01a23fe4f291f90d771&amp;id=309b96dd9a&amp;e=ba77eb92dd\" target=\"_blank\" rel=\"noreferrer noopener\"><strong><em>Lune&nbsp;<\/em><\/strong><\/a><strong><em>&nbsp;\/ Luna&nbsp;<\/em><\/strong>de Zo\u00e9 Pelchat, en colaboraci\u00f3n con Telefilm Canada (cortometraje)<br>&nbsp;<\/p>\n\n\n\n<p><strong>Histoires de la nuit \/ Historias de la noche se centra en lo que ocurre desde el atardecer hasta el amanecer<\/strong><\/p>\n\n\n\n<p><a href=\"https:\/\/icunacuryacosta.us3.list-manage.com\/track\/click?u=e78bfe01a23fe4f291f90d771&amp;id=1ef9b6d328&amp;e=ba77eb92dd\" target=\"_blank\" rel=\"noreferrer noopener\"><strong><em>M\u00e9decin de nuit&nbsp;<\/em><\/strong><\/a><strong><em>\/ M\u00e9dico de nochee<\/em><\/strong>&nbsp;de Elie Wajeman &#8211; Cannes &#8211; 2020 (largometraje)&nbsp;<\/p>\n\n\n\n<p><a href=\"https:\/\/icunacuryacosta.us3.list-manage.com\/track\/click?u=e78bfe01a23fe4f291f90d771&amp;id=89ef3077b3&amp;e=ba77eb92dd\" target=\"_blank\" rel=\"noreferrer noopener\"><strong><em>Dustin<\/em><\/strong><\/a><strong><em>&nbsp;\/ Dustin<\/em><\/strong>&nbsp;de Na\u00efla Guiguet &#8211; Toronto &#8211; 2020 (cortometraje)<\/p>\n\n\n\n<p><a href=\"https:\/\/icunacuryacosta.us3.list-manage.com\/track\/click?u=e78bfe01a23fe4f291f90d771&amp;id=c03fa7c173&amp;e=ba77eb92dd\" target=\"_blank\" rel=\"noreferrer noopener\"><strong><em>Malabar<\/em><\/strong><\/a><strong><em>&nbsp;\/ Malabar<\/em><\/strong>&nbsp;de Maximilian Badier-Rosenthal &#8211; Clermont-Ferrand &#8211; 2021 (cortometraje)<br><a href=\"https:\/\/icunacuryacosta.us3.list-manage.com\/track\/click?u=e78bfe01a23fe4f291f90d771&amp;id=4e826f7a09&amp;e=ba77eb92dd\" target=\"_blank\" rel=\"noreferrer noopener\"><strong><em>Ourse<\/em><\/strong><\/a><strong><em>&nbsp;\/ Osa&nbsp;<\/em><\/strong>de Nicolas Birkenstock &#8211; Clermont-Ferrand &#8211; 2021 (cortometraje)<\/p>\n\n\n\n<p><strong>En el tiempo o en el espacio, el viaje ser\u00e1 una oportunidad para descubrir nuevos horizontes<\/strong><\/p>\n\n\n\n<p><a href=\"https:\/\/icunacuryacosta.us3.list-manage.com\/track\/click?u=e78bfe01a23fe4f291f90d771&amp;id=bac656b414&amp;e=ba77eb92dd\" target=\"_blank\" rel=\"noreferrer noopener\"><strong><em>Calamity<\/em><\/strong><\/a><strong><em>&nbsp;\/ Calamidad<\/em><\/strong>&nbsp;de R\u00e9mi Chay\u00e9 &#8211; Annecy &#8211; 2020 (cortometraje)<\/p>\n\n\n\n<p><a href=\"https:\/\/icunacuryacosta.us3.list-manage.com\/track\/click?u=e78bfe01a23fe4f291f90d771&amp;id=7e8f26d61f&amp;e=ba77eb92dd\" target=\"_blank\" rel=\"noreferrer noopener\"><strong><em>Sous le ciel d\u00b4Alice<\/em><\/strong><\/a><strong><em>&nbsp;\/ Bajo los cielos del L\u00edbano&nbsp;<\/em><\/strong>de Chlo\u00e9 Mazlo &#8211; Cannes &#8211; 2020 (largometraje)<\/p>\n\n\n\n<p><a href=\"https:\/\/icunacuryacosta.us3.list-manage.com\/track\/click?u=e78bfe01a23fe4f291f90d771&amp;id=784e49f2f3&amp;e=ba77eb92dd\" target=\"_blank\" rel=\"noreferrer noopener\"><strong><em>Erratum&nbsp;<\/em><\/strong><\/a><strong><em>\/ Errata<\/em><\/strong>&nbsp;de Giulio Callegari (cortometraje)<\/p>\n\n\n\n<p><a href=\"https:\/\/icunacuryacosta.us3.list-manage.com\/track\/click?u=e78bfe01a23fe4f291f90d771&amp;id=b7044735d0&amp;e=ba77eb92dd\" target=\"_blank\" rel=\"noreferrer noopener\"><strong><em>Omnibus<\/em><\/strong><\/a><strong><em>&nbsp;\/ Omnibus<\/em><\/strong>&nbsp;de Sam Karmann &#8211; Cannes &#8211; 1992 (cortometraje)&nbsp;<\/p>\n\n\n\n<p>Este a\u00f1o, el rinc\u00f3n de los ni\u00f1os (secci\u00f3n infantil) re\u00fane cuatro cortometrajes de animaci\u00f3n para j\u00f3venes y sin palabras, realizados por j\u00f3venes y muy prometedores cineastas reci\u00e9n egresados\u00a0 de la escuela.<\/p>\n\n\n\n<p><a href=\"https:\/\/icunacuryacosta.us3.list-manage.com\/track\/click?u=e78bfe01a23fe4f291f90d771&amp;id=6773e841fd&amp;e=ba77eb92dd\" target=\"_blank\" rel=\"noreferrer noopener\"><strong><em>Astralium&nbsp;<\/em><\/strong><\/a><strong><em>\/ Astralium&nbsp;<\/em><\/strong>de Lucie Andouche (cortometraje)<\/p>\n\n\n\n<p><a href=\"https:\/\/icunacuryacosta.us3.list-manage.com\/track\/click?u=e78bfe01a23fe4f291f90d771&amp;id=95304f328c&amp;e=ba77eb92dd\" target=\"_blank\" rel=\"noreferrer noopener\"><strong><em>Mido et les instrumeaux<\/em><\/strong><\/a><strong><em>&nbsp;\/ Mido y los instrumales&nbsp;<\/em><\/strong>de Roman Guillanton (cortometraje)&nbsp;<\/p>\n\n\n\n<p><a href=\"https:\/\/icunacuryacosta.us3.list-manage.com\/track\/click?u=e78bfe01a23fe4f291f90d771&amp;id=73a99c4554&amp;e=ba77eb92dd\" target=\"_blank\" rel=\"noreferrer noopener\"><strong><em>\u0152il pour \u0153il<\/em><\/strong><\/a><strong><em>&nbsp;\/ Ojo por ojo<\/em><\/strong>&nbsp;de Thomas Boileau, Alan Guimont, Robin Courtoise, Mathieu Lecroq, Malcolm Hunt y Fran\u00e7ois Briantais (cortometraje)<\/p>\n\n\n\n<p><a href=\"https:\/\/icunacuryacosta.us3.list-manage.com\/track\/click?u=e78bfe01a23fe4f291f90d771&amp;id=a5cd32623b&amp;e=ba77eb92dd\" target=\"_blank\" rel=\"noreferrer noopener\"><strong><em>Tr\u00e9sor<\/em><\/strong><\/a><strong><em>&nbsp;\/ Tesoro<\/em><\/strong>&nbsp;de Alexandre Manzanares, Guillaume Cosenza, Philipp Merten y Silvan Moutte-Roulet (cortometraje)<\/p>\n\n\n\n<p><\/p>\n","protected":false},"excerpt":{"rendered":"<p>Ciudad de M\u00e9xico.-\u00a0En la casa de Francia de la Ciudad de M\u00e9xico, se dieron a conocer los pormenores de la edici\u00f3n 12va. de My French Film Festival, que permitir\u00e1 a &hellip; <a href=\"https:\/\/lavereda.com.mx\/index.php\/2022\/01\/12\/se-acerca-12a-edicion-de-myfrenchfilmfestival\/\" class=\"more-link\">Leer m\u00e1s<\/a><\/p>\n","protected":false},"author":1,"featured_media":3030,"comment_status":"open","ping_status":"open","sticky":false,"template":"","format":"standard","meta":{"footnotes":""},"categories":[6,18],"tags":[],"class_list":["post-3028","post","type-post","status-publish","format-standard","has-post-thumbnail","hentry","category-cinetv","category-lomasrelevante","entry"],"_links":{"self":[{"href":"https:\/\/lavereda.com.mx\/index.php\/wp-json\/wp\/v2\/posts\/3028","targetHints":{"allow":["GET"]}}],"collection":[{"href":"https:\/\/lavereda.com.mx\/index.php\/wp-json\/wp\/v2\/posts"}],"about":[{"href":"https:\/\/lavereda.com.mx\/index.php\/wp-json\/wp\/v2\/types\/post"}],"author":[{"embeddable":true,"href":"https:\/\/lavereda.com.mx\/index.php\/wp-json\/wp\/v2\/users\/1"}],"replies":[{"embeddable":true,"href":"https:\/\/lavereda.com.mx\/index.php\/wp-json\/wp\/v2\/comments?post=3028"}],"version-history":[{"count":2,"href":"https:\/\/lavereda.com.mx\/index.php\/wp-json\/wp\/v2\/posts\/3028\/revisions"}],"predecessor-version":[{"id":3039,"href":"https:\/\/lavereda.com.mx\/index.php\/wp-json\/wp\/v2\/posts\/3028\/revisions\/3039"}],"wp:featuredmedia":[{"embeddable":true,"href":"https:\/\/lavereda.com.mx\/index.php\/wp-json\/wp\/v2\/media\/3030"}],"wp:attachment":[{"href":"https:\/\/lavereda.com.mx\/index.php\/wp-json\/wp\/v2\/media?parent=3028"}],"wp:term":[{"taxonomy":"category","embeddable":true,"href":"https:\/\/lavereda.com.mx\/index.php\/wp-json\/wp\/v2\/categories?post=3028"},{"taxonomy":"post_tag","embeddable":true,"href":"https:\/\/lavereda.com.mx\/index.php\/wp-json\/wp\/v2\/tags?post=3028"}],"curies":[{"name":"wp","href":"https:\/\/api.w.org\/{rel}","templated":true}]}}