{"id":3027,"date":"2022-01-12T17:42:38","date_gmt":"2022-01-12T17:42:38","guid":{"rendered":"http:\/\/lavereda.com.mx\/?p=3027"},"modified":"2022-01-12T17:42:40","modified_gmt":"2022-01-12T17:42:40","slug":"los-riesgos-del-ocio-32","status":"publish","type":"post","link":"https:\/\/lavereda.com.mx\/index.php\/2022\/01\/12\/los-riesgos-del-ocio-32\/","title":{"rendered":"Los riesgos del ocio"},"content":{"rendered":"\n<p>Mis pocos lectores sabr\u00e1n que esta no es una columna de quejas (para eso est\u00e1 el&nbsp;<em>face<\/em>, donde nadie te hace caso pero igual te desahogas), pero por m\u00e1s que me contengo todas las ma\u00f1anas, no puedo evitar pensar en escribir sobre esto que me molesta, ya no puedo contener este reclamo (que disfrazar\u00e9 de comentario) por m\u00e1s tiempo.&nbsp;<\/p>\n\n\n\n<p>Primero la pregunta, \u00bfcu\u00e1ndo comenzamos a hacer fila, cola, l\u00ednea?, como sea que ustedes llamen al acto de esperar formados el turno para acceder a algo.&nbsp;<\/p>\n\n\n\n<p>Creo que desde que entra uno al jard\u00edn de ni\u00f1os, donde hay un cierto orden (salvo los chiquillos que te empujan, o los payasos que nunca faltan) y una persona que te acomoda y decide cu\u00e1ndo y c\u00f3mo avanzar.&nbsp;<\/p>\n\n\n\n<p>Luego, debido a que fue una obligaci\u00f3n de las infancias de antes de los balazos, nos tocaron las an\u00e1rquicas colas de las tortiller\u00edas, en donde, si te descuidabas, cualquier se\u00f1ora se met\u00eda a empujones,&nbsp;&nbsp;haciendo como que no ve\u00eda tu cuerpecillo de ni\u00f1a de siete o nueve a\u00f1os (que adem\u00e1s ni bulto hac\u00eda). \u00bfRecuerdan? Era en esa fila donde uno aprend\u00eda a defenderse del mundo, donde adquirimos el valor de decirle a la mujer \u201cf\u00f3rmese, yo estoy primero\u201d.&nbsp;<\/p>\n\n\n\n<p>Si no se logra sacar esa voz para proteger tus derechos en los primeros a\u00f1os de la infancia, ser\u00e1s siempre una v\u00edctima de los gandallas que con la tonta creencia que tienen de ser los m\u00e1s listos, se meten en todas las filas.<\/p>\n\n\n\n<blockquote class=\"wp-block-quote is-layout-flow wp-block-quote-is-layout-flow\"><p>Ese tipo de ente, el prepotente que es de lo\u00a0\u00a0m\u00e1s abundante en el universo mexicano, es lo que me hace renegar el d\u00eda de hoy. Todos los laguneros sabemos que nuestros puentes para pasar de un Estado a otro han sido y seguir\u00e1n tomados por tiempo indefinido, entonces \u00bfcu\u00e1ndo comprender\u00e1 el abus\u00f3n que la mejor manera de acelerar el tr\u00e1fico ser\u00e1 haciendo una sola fila? No es meti\u00e9ndose a la brava la mejor manera como se llega de Durango a Coahuila y viceversa, sino esperando pacientemente en una cola (que adem\u00e1s avanza mucho m\u00e1s r\u00e1pido) a cruzar cualquier acceso.<\/p><\/blockquote>\n\n\n\n<p>Mi lloriqueo quedar\u00e1 as\u00ed, como berrinche de se\u00f1ora, como llanto de amargada, como petici\u00f3n de nada. Pero al menos ya me desahogu\u00e9, y dije lo que he pensado desde hace tantos a\u00f1os cuando comenz\u00f3 este calvario del traslado diario de Torre\u00f3n a Lerdo. Ya nada es como la canci\u00f3n, ya la vida dej\u00f3 de ser tan sencilla y segura como un corrido en el tranv\u00eda. Pero por lo menos, se puede uno atrever a usar la l\u00f3gica, pensar matem\u00e1ticamente y decidir que aligerar una fila tiene todav\u00eda que ver con el orden y la sensatez. \u00bfO no?<\/p>\n","protected":false},"excerpt":{"rendered":"<p>Mis pocos lectores sabr\u00e1n que esta no es una columna de quejas (para eso est\u00e1 el&nbsp;face, donde nadie te hace caso pero igual te desahogas), pero por m\u00e1s que me &hellip; <a href=\"https:\/\/lavereda.com.mx\/index.php\/2022\/01\/12\/los-riesgos-del-ocio-32\/\" class=\"more-link\">Leer m\u00e1s<\/a><\/p>\n","protected":false},"author":11,"featured_media":3029,"comment_status":"open","ping_status":"open","sticky":false,"template":"","format":"standard","meta":{"footnotes":""},"categories":[18,9],"tags":[],"class_list":["post-3027","post","type-post","status-publish","format-standard","has-post-thumbnail","hentry","category-lomasrelevante","category-opinion","entry"],"_links":{"self":[{"href":"https:\/\/lavereda.com.mx\/index.php\/wp-json\/wp\/v2\/posts\/3027","targetHints":{"allow":["GET"]}}],"collection":[{"href":"https:\/\/lavereda.com.mx\/index.php\/wp-json\/wp\/v2\/posts"}],"about":[{"href":"https:\/\/lavereda.com.mx\/index.php\/wp-json\/wp\/v2\/types\/post"}],"author":[{"embeddable":true,"href":"https:\/\/lavereda.com.mx\/index.php\/wp-json\/wp\/v2\/users\/11"}],"replies":[{"embeddable":true,"href":"https:\/\/lavereda.com.mx\/index.php\/wp-json\/wp\/v2\/comments?post=3027"}],"version-history":[{"count":2,"href":"https:\/\/lavereda.com.mx\/index.php\/wp-json\/wp\/v2\/posts\/3027\/revisions"}],"predecessor-version":[{"id":3037,"href":"https:\/\/lavereda.com.mx\/index.php\/wp-json\/wp\/v2\/posts\/3027\/revisions\/3037"}],"wp:featuredmedia":[{"embeddable":true,"href":"https:\/\/lavereda.com.mx\/index.php\/wp-json\/wp\/v2\/media\/3029"}],"wp:attachment":[{"href":"https:\/\/lavereda.com.mx\/index.php\/wp-json\/wp\/v2\/media?parent=3027"}],"wp:term":[{"taxonomy":"category","embeddable":true,"href":"https:\/\/lavereda.com.mx\/index.php\/wp-json\/wp\/v2\/categories?post=3027"},{"taxonomy":"post_tag","embeddable":true,"href":"https:\/\/lavereda.com.mx\/index.php\/wp-json\/wp\/v2\/tags?post=3027"}],"curies":[{"name":"wp","href":"https:\/\/api.w.org\/{rel}","templated":true}]}}