{"id":3015,"date":"2022-01-10T17:06:31","date_gmt":"2022-01-10T17:06:31","guid":{"rendered":"http:\/\/lavereda.com.mx\/?p=3015"},"modified":"2022-01-10T17:06:33","modified_gmt":"2022-01-10T17:06:33","slug":"invitan-a-las-charlas-en-linea-de-opera-a-cargo-de-gerardo-kleinburg","status":"publish","type":"post","link":"https:\/\/lavereda.com.mx\/index.php\/2022\/01\/10\/invitan-a-las-charlas-en-linea-de-opera-a-cargo-de-gerardo-kleinburg\/","title":{"rendered":"Invitan a las charlas en l\u00ednea de \u00f3pera a cargo de Gerardo Kleinburg"},"content":{"rendered":"\n<p>El Instituto Municipal de Cultura y Educaci\u00f3n,\u00a0\u00a0invita al p\u00fablico a sintonizar a partir de este martes 11 de enero a las 18:00 horas v\u00eda facebook live,\u00a0\u00a0la serie de charlas \u201cHablemos de \u00d3pera\u201d a cargo del cr\u00edtico y promotor musical Gerardo Kleinburg. Previamente se publicar\u00e1 el anuncio con el tema de cada charla, y se compartir\u00e1 la transmisi\u00f3n, todo esto en la p\u00e1gina de facebook del IMCE (@IMCETorreon).<\/p>\n\n\n\n<p>Gerardo Kleinburg (CDMX, 1964), Cuenta con una amplia trayectoria en el \u00e1mbito oper\u00edstico como narrador, cr\u00edtico y promotor, tanto en medios nacionales, como internacionales. Ha sido director de la Compa\u00f1\u00eda Nacional de \u00d3pera de M\u00e9xico, de La Casa del Lago Juan Jos\u00e9 Arreola, de Literatura UNAM y del Festival Internacional Cervantino. En 2004 public\u00f3 su primera novela,\u00a0\u201cNo honrar\u00e1s a tu padre\u201d, que fue considerada como uno de los mejores libros del a\u00f1o por peri\u00f3dicos como\u00a0Reforma\u00a0y\u00a0El Universal. En 1994 recibi\u00f3 la Medalla Mozart conferida por la Embajada de Austria en M\u00e9xico; ese mismo a\u00f1o fue designado Cr\u00edtico del A\u00f1o por la revista\u00a0Proceso. En 1991 gan\u00f3 el Premio de Cr\u00edtica dentro del Festival Internacional de M\u00fasica de Salzburgo.<\/p>\n\n\n\n<p>Durante su gesti\u00f3n en la Compa\u00f1\u00eda Nacional de \u00d3pera de M\u00e9xico, cont\u00f3 con grandes figuras de la \u00f3pera mexicana como: Ram\u00f3n Vargas, Francisco Araiza, Rolando Villaz\u00f3n, Fernando de la Mora, entre otros. Asimismo,&nbsp;&nbsp;trajo figuras internacionales de la talla de Pl\u00e1cido Domingo, Luciano Pavarotti, Leona Mitchell y Eva Marton, Juan Pons, Ver\u00f3nica Villarroel, Cristina Gallardo Domas, Ainoah Arteta, Pablo Elvira y Justino D\u00edaz, entre muchas otras.<\/p>\n\n\n\n<p>Con su proyecto de divulgaci\u00f3n oper\u00edstica \u201cHablemos de \u00d3pera\u201d, Kleinburg ofrece charlas con diversos temas, que van desde la historia de la \u00f3pera, entrenamiento auditivo, producci\u00f3n oper\u00edstica, an\u00e1lisis, y ciclos sobre temas y compositores espec\u00edficos. Dentro de este mismo proyecto ofrece cursos y conferencias especializados, los cuales se realizan tanto de manera virtual como de manera presencial.<\/p>\n\n\n\n<blockquote class=\"wp-block-quote is-layout-flow wp-block-quote-is-layout-flow\"><p><br>Sobre esta sinergia con el IMCE, Gerardo Kleinburg se dijo entusiasmado ante la posibilidad de pronto poder ofrecer un curso o conferencia de manera presencial en Torre\u00f3n para los artistas y el p\u00fablico lagunero, asimismo, invita a la ciudadan\u00eda a acercarse y sensibilizarse en el vasto mundo de la \u00f3pera a trav\u00e9s de este proyecto, con el cual tambi\u00e9n busca que j\u00f3venes con inquietudes art\u00edsticas se impregnen de esta disciplina.<\/p><\/blockquote>\n","protected":false},"excerpt":{"rendered":"<p>El Instituto Municipal de Cultura y Educaci\u00f3n,\u00a0\u00a0invita al p\u00fablico a sintonizar a partir de este martes 11 de enero a las 18:00 horas v\u00eda facebook live,\u00a0\u00a0la serie de charlas \u201cHablemos &hellip; <a href=\"https:\/\/lavereda.com.mx\/index.php\/2022\/01\/10\/invitan-a-las-charlas-en-linea-de-opera-a-cargo-de-gerardo-kleinburg\/\" class=\"more-link\">Leer m\u00e1s<\/a><\/p>\n","protected":false},"author":1,"featured_media":3016,"comment_status":"open","ping_status":"open","sticky":false,"template":"","format":"standard","meta":{"footnotes":""},"categories":[18,4],"tags":[],"class_list":["post-3015","post","type-post","status-publish","format-standard","has-post-thumbnail","hentry","category-lomasrelevante","category-musica","entry"],"_links":{"self":[{"href":"https:\/\/lavereda.com.mx\/index.php\/wp-json\/wp\/v2\/posts\/3015","targetHints":{"allow":["GET"]}}],"collection":[{"href":"https:\/\/lavereda.com.mx\/index.php\/wp-json\/wp\/v2\/posts"}],"about":[{"href":"https:\/\/lavereda.com.mx\/index.php\/wp-json\/wp\/v2\/types\/post"}],"author":[{"embeddable":true,"href":"https:\/\/lavereda.com.mx\/index.php\/wp-json\/wp\/v2\/users\/1"}],"replies":[{"embeddable":true,"href":"https:\/\/lavereda.com.mx\/index.php\/wp-json\/wp\/v2\/comments?post=3015"}],"version-history":[{"count":1,"href":"https:\/\/lavereda.com.mx\/index.php\/wp-json\/wp\/v2\/posts\/3015\/revisions"}],"predecessor-version":[{"id":3017,"href":"https:\/\/lavereda.com.mx\/index.php\/wp-json\/wp\/v2\/posts\/3015\/revisions\/3017"}],"wp:featuredmedia":[{"embeddable":true,"href":"https:\/\/lavereda.com.mx\/index.php\/wp-json\/wp\/v2\/media\/3016"}],"wp:attachment":[{"href":"https:\/\/lavereda.com.mx\/index.php\/wp-json\/wp\/v2\/media?parent=3015"}],"wp:term":[{"taxonomy":"category","embeddable":true,"href":"https:\/\/lavereda.com.mx\/index.php\/wp-json\/wp\/v2\/categories?post=3015"},{"taxonomy":"post_tag","embeddable":true,"href":"https:\/\/lavereda.com.mx\/index.php\/wp-json\/wp\/v2\/tags?post=3015"}],"curies":[{"name":"wp","href":"https:\/\/api.w.org\/{rel}","templated":true}]}}