{"id":3009,"date":"2022-01-10T16:51:17","date_gmt":"2022-01-10T16:51:17","guid":{"rendered":"http:\/\/lavereda.com.mx\/?p=3009"},"modified":"2022-01-10T16:53:51","modified_gmt":"2022-01-10T16:53:51","slug":"inauguran-temporada-2022-con-un-concierto-de-ano-nuevo","status":"publish","type":"post","link":"https:\/\/lavereda.com.mx\/index.php\/2022\/01\/10\/inauguran-temporada-2022-con-un-concierto-de-ano-nuevo\/","title":{"rendered":"Inauguran temporada 2022 con un Concierto de A\u00f1o Nuevo"},"content":{"rendered":"\n<p>Camerata de Coahuila volver\u00e1 a los escenarios con una temporada Primavera-Verano 2022 muy nutrida, conformada por un total de 8 conciertos y adem\u00e1s de dos producciones especiales: el concierto&nbsp;Carmina Burana de Carl Orff y la \u00d3pera \u201cLa Cenerentola\u201d de&nbsp;Gioachino Rossini.<\/p>\n\n\n\n<p>Para iniciar con el pie derecho, la orquesta prepara un&nbsp;\u201cConcierto de A\u00f1o Nuevo\u201d&nbsp;con dos presentaciones, la primera el viernes 14 en punto de las 20:30 horas y una m\u00e1s el domingo 16 de enero en punto de las 12:00 horas, en el Teatro Isauro Mart\u00ednez.<\/p>\n\n\n\n<p>Se inform\u00f3 adem\u00e1s que en esta temporada regresa el abono, en el que presentan dos opciones diferentes, el abono completo que incluye 8 conciertos, Carmina Burana y la \u00d3pera&nbsp;\u201cLa Cenerentola\u201d&nbsp;el cual tiene un costo desde $1,420.00 hasta $2,750.00, y el abono de 8 conciertos tiene un precio desde $960.00 hasta $2,000.00, los costos var\u00edan seg\u00fan la localidad.<\/p>\n\n\n\n<p>La venta de abonos de la temporada est\u00e1 disponible en oficinas de la orquesta y cuenta con descuento especial del 25% para estudiantes, maestros e INAPAM. Para el p\u00fablico general que no adquiera su abono, los conciertos de la temporada continuar\u00e1n de manera gratuita, por lo que ser\u00e1 necesario acudir a la entrega de boletos el d\u00eda asignado para cada presentaci\u00f3n, hasta agotar existencia. <\/p>\n\n\n\n<p>El concierto Carmina Burana y la \u00d3pera&nbsp;\u201cLa Cenerentola\u201d si tendr\u00e1n costo al p\u00fablico.El Concierto&nbsp;\u201cCarmina Burana\u201d&nbsp;de Carl Orff se realizar\u00e1n dos presentaciones el 03 y 04&nbsp;de marzo y de igual manera la \u00d3pera \u201cLa&nbsp;Cenerentola\u201d de&nbsp;Gioachino Rossini el d\u00eda 10 y 12 de junio, ambas presentaciones se realizar\u00e1n en el Teatro Nazas. Para dichas presentaciones la venta de boletos comenzar\u00e1 con d\u00edas de anticipaci\u00f3n.<\/p>\n\n\n\n<p>El \u201cConcierto de A\u00f1o Nuevo\u201d contar\u00e1 con valses, polkas y marchas de la familia Strauss: Johann Strauss Jr, Franz Von Supp, y Josef Strauss.<\/p>\n\n\n\n<blockquote class=\"wp-block-quote is-layout-flow wp-block-quote-is-layout-flow\"><p>\u00abEn la historia, no ha habido ninguna familia que haya cambiado la escena del baile como la familia Strauss. En el siglo XIX, en todos los salones de baile, se escuchaba y se bailaba la m\u00fasica de compuesta por los Strauss. En total, son m\u00e1s de 1000 composiciones entre el padre y sus hijos\u00bb, inform\u00f3 la orquesta en un comunicado.<\/p><\/blockquote>\n\n\n\n<p>Una de las principales obras que la orquesta preparar\u00e1 bajo la batuta de nuestro director art\u00edstico Ram\u00f3n Shade ser\u00e1n: Obertura a El Murci\u00e9lago. Polka de la Fiesta del Fuego, Op.26, Polka Rayos y Truenos, Op.324 y Vals Danubio Azul, Op.314, entre otras.<\/p>\n\n\n\n<p>La entrega de boletos para nuestras dos presentaciones iniciar\u00e1 el pr\u00f3ximo mi\u00e9rcoles 12 de enero, en taquillas del Teatro Isauro Mart\u00ednez, en punto de las 10:00 horas,  hasta agotar existencia.<\/p>\n\n\n\n<p>\u00abEn el desarrollo de la temporada, continuaremos apegados a los lineamientos o disposiciones que la secretaria de salud del estado, municipio y Subcomit\u00e9 T\u00e9cnico de Salud en la Regi\u00f3n Laguna, ante la prevenci\u00f3n de COVID-19\u00bb, inform\u00f3 la instituci\u00f3n.<\/p>\n","protected":false},"excerpt":{"rendered":"<p>Camerata de Coahuila volver\u00e1 a los escenarios con una temporada Primavera-Verano 2022 muy nutrida, conformada por un total de 8 conciertos y adem\u00e1s de dos producciones especiales: el concierto&nbsp;Carmina Burana &hellip; <a href=\"https:\/\/lavereda.com.mx\/index.php\/2022\/01\/10\/inauguran-temporada-2022-con-un-concierto-de-ano-nuevo\/\" class=\"more-link\">Leer m\u00e1s<\/a><\/p>\n","protected":false},"author":1,"featured_media":3010,"comment_status":"open","ping_status":"open","sticky":false,"template":"","format":"standard","meta":{"footnotes":""},"categories":[18,4],"tags":[],"class_list":["post-3009","post","type-post","status-publish","format-standard","has-post-thumbnail","hentry","category-lomasrelevante","category-musica","entry"],"_links":{"self":[{"href":"https:\/\/lavereda.com.mx\/index.php\/wp-json\/wp\/v2\/posts\/3009","targetHints":{"allow":["GET"]}}],"collection":[{"href":"https:\/\/lavereda.com.mx\/index.php\/wp-json\/wp\/v2\/posts"}],"about":[{"href":"https:\/\/lavereda.com.mx\/index.php\/wp-json\/wp\/v2\/types\/post"}],"author":[{"embeddable":true,"href":"https:\/\/lavereda.com.mx\/index.php\/wp-json\/wp\/v2\/users\/1"}],"replies":[{"embeddable":true,"href":"https:\/\/lavereda.com.mx\/index.php\/wp-json\/wp\/v2\/comments?post=3009"}],"version-history":[{"count":3,"href":"https:\/\/lavereda.com.mx\/index.php\/wp-json\/wp\/v2\/posts\/3009\/revisions"}],"predecessor-version":[{"id":3014,"href":"https:\/\/lavereda.com.mx\/index.php\/wp-json\/wp\/v2\/posts\/3009\/revisions\/3014"}],"wp:featuredmedia":[{"embeddable":true,"href":"https:\/\/lavereda.com.mx\/index.php\/wp-json\/wp\/v2\/media\/3010"}],"wp:attachment":[{"href":"https:\/\/lavereda.com.mx\/index.php\/wp-json\/wp\/v2\/media?parent=3009"}],"wp:term":[{"taxonomy":"category","embeddable":true,"href":"https:\/\/lavereda.com.mx\/index.php\/wp-json\/wp\/v2\/categories?post=3009"},{"taxonomy":"post_tag","embeddable":true,"href":"https:\/\/lavereda.com.mx\/index.php\/wp-json\/wp\/v2\/tags?post=3009"}],"curies":[{"name":"wp","href":"https:\/\/api.w.org\/{rel}","templated":true}]}}