{"id":2999,"date":"2022-01-07T18:31:05","date_gmt":"2022-01-07T18:31:05","guid":{"rendered":"http:\/\/lavereda.com.mx\/?p=2999"},"modified":"2022-01-07T18:31:07","modified_gmt":"2022-01-07T18:31:07","slug":"recuerdan-a-juan-rulfo-en-su-aniversario-luctuoso","status":"publish","type":"post","link":"https:\/\/lavereda.com.mx\/index.php\/2022\/01\/07\/recuerdan-a-juan-rulfo-en-su-aniversario-luctuoso\/","title":{"rendered":"Recuerdan a Juan Rulfo en su aniversario luctuoso"},"content":{"rendered":"\n<p>Un d\u00eda como hoy, 7 de enero de 1986, falleci\u00f3 Juan Rulfo quien es considerado uno de los escritores m\u00e1s influyentes de la literatura hispanoamericana. Con tan escasa obra publicada, se convriti\u00f3 en un autor trascedental en distintas generaciones, motivo de estudio e inspiraci\u00f3n.<\/p>\n\n\n\n<p>Un solo libro de cuentos,&nbsp;<em>El llano en llamas<\/em>&nbsp;(1953), y una \u00fanica novela,&nbsp;<em>Pedro P\u00e1ramo<\/em>&nbsp;(1955), bastaron para que Juan Rulfo fuese reconocido como uno de los grandes maestros de la narrativa del siglo XX.<\/p>\n\n\n\n<p>El reconocido y premiado escritor lagunero, Vicente Alfonso, expres\u00f3 estas palabras en torno al escritor, quien falleci\u00f3 a la edad de 68 a\u00f1os:<\/p>\n\n\n\n<blockquote class=\"wp-block-quote is-layout-flow wp-block-quote-is-layout-flow\"><p>\u00abAdem\u00e1s de la impecable carpinter\u00eda y la asombrosa capacidad de observaci\u00f3n que se advierten en su obra, Juan Rulfo es esencial para nuestra literatura porque insisti\u00f3 durante toda su vida en la importancia de una idea: que las t\u00e9cnicas narrativas se transmiten de generaci\u00f3n en generaci\u00f3n.\u00a0<\/p><p>No es casualidad que grandes maestros como Gabriel Garc\u00eda M\u00e1rquez, Federico Campbell, Vicente Le\u00f1ero y en nuestra comarca, Sa\u00fal Rosales, hayan recibido consejos directos del autor de Pedro P\u00e1ramo y El llano en llamas\u00bb.<\/p><\/blockquote>\n\n\n\n<p>Instituciones culturales en M\u00e9xico y otras partes han recordado hoy al c\u00e9lebre escritor. El Instituto Nacional de Bellas Artes y Literatura (INBAL), lo record\u00f3 con esta frase: \u201cHac\u00eda tantos a\u00f1os que no alzaba la cara, que me olvid\u00e9 del cielo\u201d (Pedro P\u00e1ramo).<\/p>\n\n\n\n<p>De acuerdo con el sitio de internet Biograf\u00edas y Vida, su obra, tan breve como intensa, ocupa por su calidad un puesto se\u00f1ero dentro del llamado&nbsp;<em>Boom<\/em>&nbsp;de la literatura hispanoamericana de los a\u00f1os 60, fen\u00f3meno editorial que dio a conocer al mundo la talla de los nuevos (y no tan nuevos, como en el caso de Rulfo) narradores del continente.<\/p>\n\n\n\n<p>A 36 a\u00f1os de su muerte, te invitamos a descubrir o redescubrir su obra.<\/p>\n","protected":false},"excerpt":{"rendered":"<p>Un d\u00eda como hoy, 7 de enero de 1986, falleci\u00f3 Juan Rulfo quien es considerado uno de los escritores m\u00e1s influyentes de la literatura hispanoamericana. Con tan escasa obra publicada, &hellip; <a href=\"https:\/\/lavereda.com.mx\/index.php\/2022\/01\/07\/recuerdan-a-juan-rulfo-en-su-aniversario-luctuoso\/\" class=\"more-link\">Leer m\u00e1s<\/a><\/p>\n","protected":false},"author":9,"featured_media":3000,"comment_status":"open","ping_status":"open","sticky":false,"template":"","format":"standard","meta":{"footnotes":""},"categories":[5,18],"tags":[],"class_list":["post-2999","post","type-post","status-publish","format-standard","has-post-thumbnail","hentry","category-letras-y-libros","category-lomasrelevante","entry"],"_links":{"self":[{"href":"https:\/\/lavereda.com.mx\/index.php\/wp-json\/wp\/v2\/posts\/2999","targetHints":{"allow":["GET"]}}],"collection":[{"href":"https:\/\/lavereda.com.mx\/index.php\/wp-json\/wp\/v2\/posts"}],"about":[{"href":"https:\/\/lavereda.com.mx\/index.php\/wp-json\/wp\/v2\/types\/post"}],"author":[{"embeddable":true,"href":"https:\/\/lavereda.com.mx\/index.php\/wp-json\/wp\/v2\/users\/9"}],"replies":[{"embeddable":true,"href":"https:\/\/lavereda.com.mx\/index.php\/wp-json\/wp\/v2\/comments?post=2999"}],"version-history":[{"count":1,"href":"https:\/\/lavereda.com.mx\/index.php\/wp-json\/wp\/v2\/posts\/2999\/revisions"}],"predecessor-version":[{"id":3001,"href":"https:\/\/lavereda.com.mx\/index.php\/wp-json\/wp\/v2\/posts\/2999\/revisions\/3001"}],"wp:featuredmedia":[{"embeddable":true,"href":"https:\/\/lavereda.com.mx\/index.php\/wp-json\/wp\/v2\/media\/3000"}],"wp:attachment":[{"href":"https:\/\/lavereda.com.mx\/index.php\/wp-json\/wp\/v2\/media?parent=2999"}],"wp:term":[{"taxonomy":"category","embeddable":true,"href":"https:\/\/lavereda.com.mx\/index.php\/wp-json\/wp\/v2\/categories?post=2999"},{"taxonomy":"post_tag","embeddable":true,"href":"https:\/\/lavereda.com.mx\/index.php\/wp-json\/wp\/v2\/tags?post=2999"}],"curies":[{"name":"wp","href":"https:\/\/api.w.org\/{rel}","templated":true}]}}