{"id":2988,"date":"2023-01-06T16:25:00","date_gmt":"2023-01-06T16:25:00","guid":{"rendered":"http:\/\/lavereda.com.mx\/?p=2988"},"modified":"2023-01-06T19:28:07","modified_gmt":"2023-01-06T19:28:07","slug":"conoces-el-significado-de-la-rosca-de-reyes","status":"publish","type":"post","link":"https:\/\/lavereda.com.mx\/index.php\/2023\/01\/06\/conoces-el-significado-de-la-rosca-de-reyes\/","title":{"rendered":"\u00bfConoces el significado de la Rosca de Reyes?"},"content":{"rendered":"\n<p>A pesar de que enero es el mes de la cuesta econ\u00f3mica, las familias mexicanas se unen hoy para conmemorar una de las tradiciones m\u00e1s antiguas: partir la rosca de reyes.<\/p>\n\n\n\n<p>6 de enero: en Torre\u00f3n la ma\u00f1ana estaba fresca, ya era hora, y aunque los norte\u00f1os nos dejamos m\u00e1s influir por la mercadotecnia navide\u00f1a y la llegada de Santa, que por la llegada de los Reyes Magos, seguro habr\u00e1 miles de roscas hoy en las mesas.<\/p>\n\n\n\n<p>Pero \u00bfcu\u00e1l es el origen de esta tradici\u00f3n?<\/p>\n\n\n\n<p>El origen es una tradici\u00f3n que tuvo sus comienzos en la&nbsp;<strong>Edad Media (siglo XIV)<\/strong>&nbsp;en pa\u00edses europeos como Francia y Espa\u00f1a que poco tiempo despu\u00e9s, lleg\u00f3 a M\u00e9xico durante la conquista. Desde entonces es costumbre partir una rosca de pan, la cual se caracteriza por tener forma circular, s\u00edmbolo del amor eterno de Dios que no tiene principio ni fin; de acuerdo con un art\u00edculo del sitio de internet del gobierno de M\u00e9xico.<\/p>\n\n\n\n<p>Cuenta la historia que tres Reyes Magos, Melchor, Gaspar y Baltazar, (montados en un camello, un caballo y un elefante), viajaron desde el Oriente hasta Jerusal\u00e9n guiados por una estrella, para adorar a un profeta reci\u00e9n nacido y llevarle tres ofrendas: oro, incienso y mirra. Los tres \u201cReyes del Oriente\u201d encontraron al Ni\u00f1o, quien ten\u00eda tres d\u00edas de nacido, se postraron ante \u00e9l y le dieron las tres ofrendas. El d\u00eda en que finalmente los Reyes Magos conocen al Ni\u00f1o Jes\u00fas, se le denomina como&nbsp;epifan\u00eda, encuentro que simboliza la&nbsp;<em>Rosca de Reyes<\/em>.<\/p>\n\n\n\n<p>Seg\u00fan este blog,&nbsp;para los cristianos, la forma ovalada de la rosca, representa el c\u00edrculo infinito del amor a&nbsp;Dios. Las frutas secas cristalizadas que adornan el pan, simbolizan las joyas incrustadas en las coronas de los&nbsp;Reyes Magos, el mu\u00f1eco escondido, representa al&nbsp;Ni\u00f1o Jes\u00fas.<\/p>\n\n\n\n<p><strong>\u00a1Deja tus comentarios y comparte los significados de tu propia tradici\u00f3n!<\/strong><\/p>\n","protected":false},"excerpt":{"rendered":"<p>A pesar de que enero es el mes de la cuesta econ\u00f3mica, las familias mexicanas se unen hoy para conmemorar una de las tradiciones m\u00e1s antiguas: partir la rosca de &hellip; <a href=\"https:\/\/lavereda.com.mx\/index.php\/2023\/01\/06\/conoces-el-significado-de-la-rosca-de-reyes\/\" class=\"more-link\">Leer m\u00e1s<\/a><\/p>\n","protected":false},"author":1,"featured_media":2989,"comment_status":"open","ping_status":"open","sticky":false,"template":"","format":"standard","meta":{"footnotes":""},"categories":[18,8],"tags":[22,21],"class_list":["post-2988","post","type-post","status-publish","format-standard","has-post-thumbnail","hentry","category-lomasrelevante","category-sociedad","tag-reyesmagos","tag-rosca","entry"],"_links":{"self":[{"href":"https:\/\/lavereda.com.mx\/index.php\/wp-json\/wp\/v2\/posts\/2988","targetHints":{"allow":["GET"]}}],"collection":[{"href":"https:\/\/lavereda.com.mx\/index.php\/wp-json\/wp\/v2\/posts"}],"about":[{"href":"https:\/\/lavereda.com.mx\/index.php\/wp-json\/wp\/v2\/types\/post"}],"author":[{"embeddable":true,"href":"https:\/\/lavereda.com.mx\/index.php\/wp-json\/wp\/v2\/users\/1"}],"replies":[{"embeddable":true,"href":"https:\/\/lavereda.com.mx\/index.php\/wp-json\/wp\/v2\/comments?post=2988"}],"version-history":[{"count":2,"href":"https:\/\/lavereda.com.mx\/index.php\/wp-json\/wp\/v2\/posts\/2988\/revisions"}],"predecessor-version":[{"id":4637,"href":"https:\/\/lavereda.com.mx\/index.php\/wp-json\/wp\/v2\/posts\/2988\/revisions\/4637"}],"wp:featuredmedia":[{"embeddable":true,"href":"https:\/\/lavereda.com.mx\/index.php\/wp-json\/wp\/v2\/media\/2989"}],"wp:attachment":[{"href":"https:\/\/lavereda.com.mx\/index.php\/wp-json\/wp\/v2\/media?parent=2988"}],"wp:term":[{"taxonomy":"category","embeddable":true,"href":"https:\/\/lavereda.com.mx\/index.php\/wp-json\/wp\/v2\/categories?post=2988"},{"taxonomy":"post_tag","embeddable":true,"href":"https:\/\/lavereda.com.mx\/index.php\/wp-json\/wp\/v2\/tags?post=2988"}],"curies":[{"name":"wp","href":"https:\/\/api.w.org\/{rel}","templated":true}]}}