{"id":2982,"date":"2022-01-05T16:56:31","date_gmt":"2022-01-05T16:56:31","guid":{"rendered":"http:\/\/lavereda.com.mx\/?p=2982"},"modified":"2022-01-05T16:56:33","modified_gmt":"2022-01-05T16:56:33","slug":"celebran-dia-de-reyes-con-jornada-de-cuentacuentos-en-linea","status":"publish","type":"post","link":"https:\/\/lavereda.com.mx\/index.php\/2022\/01\/05\/celebran-dia-de-reyes-con-jornada-de-cuentacuentos-en-linea\/","title":{"rendered":"Celebran D\u00eda de Reyes con jornada de cuentacuentos en l\u00ednea"},"content":{"rendered":"\n<p>A unos d\u00edas de haber tomado posesi\u00f3n el nuevo director de cultura en Torre\u00f3n, Antonio M\u00e9ndez Vigat\u00e1, la dependencia\u00a0invita al p\u00fablico infantil y general a ser parte de la celebraci\u00f3n del tradicional D\u00eda de los Reyes Magos, con la \u201cJornada de cuentacuentos, lectura de poes\u00eda para ni\u00f1os y ni\u00f1as\u201d, que se llevar\u00e1 a cabo este jueves 6 de enero.<\/p>\n\n\n\n<p>A las 17:00 horas, la actividad iniciar\u00e1 a cargo de Ena Gal\u00edndez a trav\u00e9s de facebook live de cultura en el enlace:&nbsp;<a href=\"https:\/\/www.facebook.com\/DireccionGeneralDeCulturaTorreon\">https:\/\/www.facebook.com\/DireccionGeneralDeCulturaTorreon<\/a>&nbsp;, posteriormente, a las 18:00 horas, ser\u00e1 el turno de a Ra\u00fal Esparza a trav\u00e9s de la plataforma Zoom.<\/p>\n\n\n\n<p>Ena Gal\u00edndez Araiza es Licenciada en Comunicaci\u00f3n por la Universidad Iberoamericana, y cuenta con m\u00e1s de 30 a\u00f1os de experiencia como cuentacuentos, adem\u00e1s es autora de libros infantiles como \u201cUn formidable fen\u00f3meno fantasmal\u201d y \u201cLluvia Lagunera, poemas para ni\u00f1os\u201d, de esta \u00faltima obra, Ena realizar\u00e1 durante su intervenci\u00f3n una din\u00e1mica, en la que obsequiar\u00e1 al p\u00fablico 3 ejemplares de dicho libro.<\/p>\n\n\n\n<p>Asimismo, Gal\u00edndez Araiza ha enviado un mensaje a su p\u00fablico, el cual dice lo siguiente:<\/p>\n\n\n\n<p>\u201cEnv\u00edo un saludo y un abrazo con cari\u00f1o a todos los ni\u00f1os y las ni\u00f1as de La Laguna. Tenemos por delante todo un a\u00f1o (bueno ya usamos los primeros d\u00edas, pero a\u00fan quedan muchos) para jugar y disfrutar.<\/p>\n\n\n\n<p>Les comparto este peque\u00f1o poema que escrib\u00ed en estos d\u00edas:<\/p>\n\n\n\n<blockquote class=\"wp-block-quote is-layout-flow wp-block-quote-is-layout-flow\"><p>Un muy feliz a\u00f1o<\/p><p>A ni\u00f1os y ni\u00f1as<\/p><p>Que todos seamos<\/p><p>Del mundo hermanos<\/p><p>Dando una sonrisa.<\/p><p>\u00a1Nos vemos pronto!\u201d<\/p><\/blockquote>\n\n\n\n<p>Por su parte, Ra\u00fal Esparza compartir\u00e1 dos historias con la audiencia. Una ser\u00e1 la de Gianni Rodari: \u201cAlarma en el Nacimiento\u201d; y la otra es una tradici\u00f3n oral del \u00c1frica: \u201cEl ave que hechizaba con su canto\u201d.&nbsp;<\/p>\n\n\n\n<p>El enlace con la presentaci\u00f3n a las 6 pm del jueves con Ra\u00fal Esparza es el siguiente:\u00a0<a href=\"https:\/\/us05web.zoom.us\/j\/87187687538?pwd=WjlIa09MZFcwdDM2WGZCWVN1WkwvUT09\">https:\/\/us05web.zoom.us\/j\/87187687538?pwd=WjlIa09MZFcwdDM2WGZCWVN1WkwvUT09<\/a>\u00a0. ID de reuni\u00f3n: 871 8768 7538. C\u00f3digo de acceso: 7NAuJz , este enlace estar\u00e1 publicado en la p\u00e1gina de facebook antes mencionada.<\/p>\n","protected":false},"excerpt":{"rendered":"<p>A unos d\u00edas de haber tomado posesi\u00f3n el nuevo director de cultura en Torre\u00f3n, Antonio M\u00e9ndez Vigat\u00e1, la dependencia\u00a0invita al p\u00fablico infantil y general a ser parte de la celebraci\u00f3n &hellip; <a href=\"https:\/\/lavereda.com.mx\/index.php\/2022\/01\/05\/celebran-dia-de-reyes-con-jornada-de-cuentacuentos-en-linea\/\" class=\"more-link\">Leer m\u00e1s<\/a><\/p>\n","protected":false},"author":1,"featured_media":2983,"comment_status":"open","ping_status":"open","sticky":false,"template":"","format":"standard","meta":{"footnotes":""},"categories":[10,18],"tags":[],"class_list":["post-2982","post","type-post","status-publish","format-standard","has-post-thumbnail","hentry","category-la-vereda-infantil","category-lomasrelevante","entry"],"_links":{"self":[{"href":"https:\/\/lavereda.com.mx\/index.php\/wp-json\/wp\/v2\/posts\/2982","targetHints":{"allow":["GET"]}}],"collection":[{"href":"https:\/\/lavereda.com.mx\/index.php\/wp-json\/wp\/v2\/posts"}],"about":[{"href":"https:\/\/lavereda.com.mx\/index.php\/wp-json\/wp\/v2\/types\/post"}],"author":[{"embeddable":true,"href":"https:\/\/lavereda.com.mx\/index.php\/wp-json\/wp\/v2\/users\/1"}],"replies":[{"embeddable":true,"href":"https:\/\/lavereda.com.mx\/index.php\/wp-json\/wp\/v2\/comments?post=2982"}],"version-history":[{"count":1,"href":"https:\/\/lavereda.com.mx\/index.php\/wp-json\/wp\/v2\/posts\/2982\/revisions"}],"predecessor-version":[{"id":2984,"href":"https:\/\/lavereda.com.mx\/index.php\/wp-json\/wp\/v2\/posts\/2982\/revisions\/2984"}],"wp:featuredmedia":[{"embeddable":true,"href":"https:\/\/lavereda.com.mx\/index.php\/wp-json\/wp\/v2\/media\/2983"}],"wp:attachment":[{"href":"https:\/\/lavereda.com.mx\/index.php\/wp-json\/wp\/v2\/media?parent=2982"}],"wp:term":[{"taxonomy":"category","embeddable":true,"href":"https:\/\/lavereda.com.mx\/index.php\/wp-json\/wp\/v2\/categories?post=2982"},{"taxonomy":"post_tag","embeddable":true,"href":"https:\/\/lavereda.com.mx\/index.php\/wp-json\/wp\/v2\/tags?post=2982"}],"curies":[{"name":"wp","href":"https:\/\/api.w.org\/{rel}","templated":true}]}}