{"id":2978,"date":"2022-01-04T20:35:36","date_gmt":"2022-01-04T20:35:36","guid":{"rendered":"http:\/\/lavereda.com.mx\/?p=2978"},"modified":"2022-01-04T20:36:30","modified_gmt":"2022-01-04T20:36:30","slug":"los-riesgos-del-ocio-31","status":"publish","type":"post","link":"https:\/\/lavereda.com.mx\/index.php\/2022\/01\/04\/los-riesgos-del-ocio-31\/","title":{"rendered":"Los riesgos del ocio"},"content":{"rendered":"\n<p>No pude resistir la tentaci\u00f3n de ver el especial de los 20 a\u00f1os de Harry Potter. Aclaro que no soy fan, pero tengo una hija que s\u00ed, y sus comentarios en el Facebook me hicieron llenarme de la malsana curiosidad maternal que no debemos olvidar as\u00ed tengan mil a\u00f1os los chamacos. Entonces, aunque pude librarme de ver las dos&nbsp;&nbsp;o tres \u00faltimas pel\u00edculas&nbsp;&nbsp;de la saga, porque ya los hijos pod\u00edan ir solos al cine, algo me impuls\u00f3 a conectarme con el documental y, sin esperarlo, comenc\u00e9 a notar una cierta nostalgia justo en la punta de la maternidad.<\/p>\n\n\n\n<p>Primero me record\u00e9 toda juvenil y esbelta&nbsp;&nbsp;madre de una ni\u00f1a de siete a\u00f1os quien, en una de las visitas domingueras a la librer\u00eda, creo que esa vez fue en Casa Lamm, pidi\u00f3 un libro muy gordo de \u201cun ni\u00f1o que es mago\u201d.&nbsp;<\/p>\n\n\n\n<p>Apenas un a\u00f1o antes esa ni\u00f1a hab\u00eda llorado a gritos la frase \u201c\u00a1nunca voy a poder aprender a leer!\u201d. Alarido mocoso que me llev\u00f3 a idear el m\u00e9todo de las s\u00edlabas en las tarjetas con el que no solo ella, sino su hermano menor, aprendieron los secretos y placeres de los libros. De esa forma, comenz\u00f3 una nueva etapa dentro de la promoci\u00f3n de la lectura en casa: ellos eran los que me le\u00edan los cuentos, o a su hermanito beb\u00e9.&nbsp;<\/p>\n\n\n\n<p>As\u00ed que, un domingo cualquiera despu\u00e9s de ir al parque, Harry entr\u00f3 a la casa y ya no sali\u00f3. Fuimos parte de la franquicia, en esa espera impaciente por cada uno&nbsp;&nbsp;de los vol\u00famenes de la saga, y despu\u00e9s en las idas al cine en espera de que las pel\u00edculas fueran tan satisfactorias como la lectura en s\u00ed. La primera pel\u00edcula se llev\u00f3 cr\u00edticas feroces como \u201cno se parece\u201d, \u201cfaltaron cosas del libro\u201d, pero con los a\u00f1os se fueron familiarizando con los personajes cinematogr\u00e1ficos y conciliando las ausencias de texto, con la emoci\u00f3n de la trama.<\/p>\n\n\n\n<p>Y la fidelidad hacia el mago continu\u00f3 por muchos a\u00f1os m\u00e1s, en las idas a rentar pel\u00edculas y, en el caso de mi hija, hasta la fecha.<\/p>\n\n\n\n<blockquote class=\"wp-block-quote is-layout-flow wp-block-quote-is-layout-flow\"><p>Viendo el especial de los veinte a\u00f1os, adem\u00e1s de la nostalgia materna me puse a reflexionar en todos esos ni\u00f1os de seis a ocho a\u00f1os que iniciaron con el primer volumen de Harry llegado a M\u00e9xico. Esos lectores fueron creciendo y compartiendo con los personajes toda una d\u00e9cada. Se hicieron grandes al mismo tiempo que ellos y tuvieron esos momentos oscuros y luminosos, llenos de incertidumbres que forman parte de cualquier adolescencia, acompa\u00f1ados por sus h\u00e9roes. Vivieron situaciones comunes, emociones parecidas. No importaba que unos estuvieran en una escuela para magos y los otros en un pa\u00eds tercermundista, la verdad es que los sentimientos, los miedos las ansiedades, alegr\u00edas y recompensas ante los esfuerzos, resultaron iguales.\u00a0<\/p><\/blockquote>\n\n\n\n<p>No puedo decir que el documental me haya emocionado hasta las l\u00e1grimas como lo hizo con mi hija y sus contempor\u00e1neos, pero s\u00ed fue agradable volver a vivir diez a\u00f1os de maternidad que pens\u00e9 hab\u00eda dejado de lado.&nbsp;<\/p>\n\n\n\n<p>Record\u00e9 tambi\u00e9n la importancia que siempre le hemos dado en mi familia a la lectura, como creadora de contenidos pero sobre todo como dadora de puntos de referencia y de espacios para compartir con los dem\u00e1s.<\/p>\n","protected":false},"excerpt":{"rendered":"<p>No pude resistir la tentaci\u00f3n de ver el especial de los 20 a\u00f1os de Harry Potter. Aclaro que no soy fan, pero tengo una hija que s\u00ed, y sus comentarios &hellip; <a href=\"https:\/\/lavereda.com.mx\/index.php\/2022\/01\/04\/los-riesgos-del-ocio-31\/\" class=\"more-link\">Leer m\u00e1s<\/a><\/p>\n","protected":false},"author":11,"featured_media":2979,"comment_status":"open","ping_status":"open","sticky":false,"template":"","format":"standard","meta":{"footnotes":""},"categories":[18,9],"tags":[],"class_list":["post-2978","post","type-post","status-publish","format-standard","has-post-thumbnail","hentry","category-lomasrelevante","category-opinion","entry"],"_links":{"self":[{"href":"https:\/\/lavereda.com.mx\/index.php\/wp-json\/wp\/v2\/posts\/2978","targetHints":{"allow":["GET"]}}],"collection":[{"href":"https:\/\/lavereda.com.mx\/index.php\/wp-json\/wp\/v2\/posts"}],"about":[{"href":"https:\/\/lavereda.com.mx\/index.php\/wp-json\/wp\/v2\/types\/post"}],"author":[{"embeddable":true,"href":"https:\/\/lavereda.com.mx\/index.php\/wp-json\/wp\/v2\/users\/11"}],"replies":[{"embeddable":true,"href":"https:\/\/lavereda.com.mx\/index.php\/wp-json\/wp\/v2\/comments?post=2978"}],"version-history":[{"count":2,"href":"https:\/\/lavereda.com.mx\/index.php\/wp-json\/wp\/v2\/posts\/2978\/revisions"}],"predecessor-version":[{"id":2981,"href":"https:\/\/lavereda.com.mx\/index.php\/wp-json\/wp\/v2\/posts\/2978\/revisions\/2981"}],"wp:featuredmedia":[{"embeddable":true,"href":"https:\/\/lavereda.com.mx\/index.php\/wp-json\/wp\/v2\/media\/2979"}],"wp:attachment":[{"href":"https:\/\/lavereda.com.mx\/index.php\/wp-json\/wp\/v2\/media?parent=2978"}],"wp:term":[{"taxonomy":"category","embeddable":true,"href":"https:\/\/lavereda.com.mx\/index.php\/wp-json\/wp\/v2\/categories?post=2978"},{"taxonomy":"post_tag","embeddable":true,"href":"https:\/\/lavereda.com.mx\/index.php\/wp-json\/wp\/v2\/tags?post=2978"}],"curies":[{"name":"wp","href":"https:\/\/api.w.org\/{rel}","templated":true}]}}