{"id":2975,"date":"2022-01-04T15:22:59","date_gmt":"2022-01-04T15:22:59","guid":{"rendered":"http:\/\/lavereda.com.mx\/?p=2975"},"modified":"2022-01-04T15:23:01","modified_gmt":"2022-01-04T15:23:01","slug":"museos-de-coahuila-listos-para-recibir-visitas","status":"publish","type":"post","link":"https:\/\/lavereda.com.mx\/index.php\/2022\/01\/04\/museos-de-coahuila-listos-para-recibir-visitas\/","title":{"rendered":"Museos de Coahuila listos para recibir visitas"},"content":{"rendered":"\n<ul class=\"wp-block-list\"><li><em><strong>Reciben al a\u00f1o m\u00e1s de 3 millones de visitantes locales y extranjeros, afirm\u00f3 la secretaria de cultura.<\/strong><\/em><\/li><\/ul>\n\n\n\n<p>Con el inicio del a\u00f1o, la Secretar\u00eda de Cultura de Coahuila (SC), invita al p\u00fablico a empezar con una experiencia cultural y de alto valor hist\u00f3rico visitando los recintos pertenecientes al Sistema Estatal de Museos.<\/p>\n\n\n\n<p>Desde mediados de 2020 los museos coahuilenses retomaron sus actividades presenciales, por lo tanto su personal se encuentra listo para recibir a las y los visitantes y turistas, garantizando el cuidado de su salud en todo momento con las medidas de prevenci\u00f3n sanitaria correspondientes; inform\u00f3 la dependencia en un comunicado.<\/p>\n\n\n\n<p>Entre los espacios que forman parte del Sistema Nacional de Museos se encuentran el Museo del Normalismo, Museo de Artes Gr\u00e1ficas, Museo del Sarape, Salas Carranza, Museo Taurino, Museo de los Presidentes, Museo de la Revoluci\u00f3n, Museo de Palacio, Museo de las Momias, Museo Casa Carranza, Museo Francisco Villa y el Museo Cultural de Nadadores, que son completamente gratuitos y estar\u00e1n abiertos todo el a\u00f1o de jueves a domingo de las 11:00 a las 17:00 horas, contando adem\u00e1s con m\u00faltiples actividades y presentaciones especiales que podr\u00e1n ser vistas en las redes sociales oficiales de la SC.<\/p>\n\n\n\n<p>El Director General de Museos, Historias y Patrimonio Cultural del Estado, Andr\u00e9s Mendoza Salas, coment\u00f3 que los espacios est\u00e1n habilitados para recibir la visita de centros educativos, exhortando a las autoridades escolares a programar recorridos guiados para acercar a la comunidad estudiantil a la historia y museograf\u00eda coahuilense, complementando as\u00ed sus aprendizajes adquiridos en el aula.<\/p>\n\n\n\n<p>\u201cNuestros museos reciben al a\u00f1o m\u00e1s de 3 millones de visitantes locales y extranjeros. Desde hace tiempo estamos capacitados para recibir a familias y grupos de estudiantes; \u00a1Todos son bienvenidos!\u201d, agreg\u00f3 Ana Sof\u00eda Garc\u00eda Camil, titular de Cultura del Estado.<\/p>\n","protected":false},"excerpt":{"rendered":"<p>Reciben al a\u00f1o m\u00e1s de 3 millones de visitantes locales y extranjeros, afirm\u00f3 la secretaria de cultura. Con el inicio del a\u00f1o, la Secretar\u00eda de Cultura de Coahuila (SC), invita &hellip; <a href=\"https:\/\/lavereda.com.mx\/index.php\/2022\/01\/04\/museos-de-coahuila-listos-para-recibir-visitas\/\" class=\"more-link\">Leer m\u00e1s<\/a><\/p>\n","protected":false},"author":1,"featured_media":2976,"comment_status":"open","ping_status":"open","sticky":false,"template":"","format":"standard","meta":{"footnotes":""},"categories":[3,18],"tags":[],"class_list":["post-2975","post","type-post","status-publish","format-standard","has-post-thumbnail","hentry","category-artes-visuales","category-lomasrelevante","entry"],"_links":{"self":[{"href":"https:\/\/lavereda.com.mx\/index.php\/wp-json\/wp\/v2\/posts\/2975","targetHints":{"allow":["GET"]}}],"collection":[{"href":"https:\/\/lavereda.com.mx\/index.php\/wp-json\/wp\/v2\/posts"}],"about":[{"href":"https:\/\/lavereda.com.mx\/index.php\/wp-json\/wp\/v2\/types\/post"}],"author":[{"embeddable":true,"href":"https:\/\/lavereda.com.mx\/index.php\/wp-json\/wp\/v2\/users\/1"}],"replies":[{"embeddable":true,"href":"https:\/\/lavereda.com.mx\/index.php\/wp-json\/wp\/v2\/comments?post=2975"}],"version-history":[{"count":1,"href":"https:\/\/lavereda.com.mx\/index.php\/wp-json\/wp\/v2\/posts\/2975\/revisions"}],"predecessor-version":[{"id":2977,"href":"https:\/\/lavereda.com.mx\/index.php\/wp-json\/wp\/v2\/posts\/2975\/revisions\/2977"}],"wp:featuredmedia":[{"embeddable":true,"href":"https:\/\/lavereda.com.mx\/index.php\/wp-json\/wp\/v2\/media\/2976"}],"wp:attachment":[{"href":"https:\/\/lavereda.com.mx\/index.php\/wp-json\/wp\/v2\/media?parent=2975"}],"wp:term":[{"taxonomy":"category","embeddable":true,"href":"https:\/\/lavereda.com.mx\/index.php\/wp-json\/wp\/v2\/categories?post=2975"},{"taxonomy":"post_tag","embeddable":true,"href":"https:\/\/lavereda.com.mx\/index.php\/wp-json\/wp\/v2\/tags?post=2975"}],"curies":[{"name":"wp","href":"https:\/\/api.w.org\/{rel}","templated":true}]}}