{"id":2972,"date":"2022-01-04T01:06:06","date_gmt":"2022-01-04T01:06:06","guid":{"rendered":"http:\/\/lavereda.com.mx\/?p=2972"},"modified":"2022-01-04T01:06:08","modified_gmt":"2022-01-04T01:06:08","slug":"apuntes-para-un-inicio-de-ano","status":"publish","type":"post","link":"https:\/\/lavereda.com.mx\/index.php\/2022\/01\/04\/apuntes-para-un-inicio-de-ano\/","title":{"rendered":"Apuntes para un inicio de a\u00f1o"},"content":{"rendered":"\n<p>La imagen m\u00e1s certera de que algo se acaba y algo est\u00e1 por iniciar, es el bote de basura de la calle a punto de reventar, con los desechos de la noche vieja, el recalentado de a\u00f1o nuevo y de todo lo que conllev\u00f3 despedir un ciclo: celebrar consumiendo m\u00e1s, decorar con materiales desechables, romper dietas y eso s\u00ed, hacer promesas por cumplir.<\/p>\n\n\n\n<p>El 1 de enero suele ser una calle solitaria, otra llena de basura, otra con carros estacionados por muchas m\u00e1s horas de lo normal. Una calma extra\u00f1a, que sabemos, se romper\u00e1 al d\u00eda siguiente o dos d\u00edas despu\u00e9s. \u00bfPor qu\u00e9 tendremos esa costumbre de montar un escenario para comenzar de nuevo? \u00bfEl comienzo no es cada d\u00eda, cada semana, cada mes o el d\u00eda de tu cumplea\u00f1os?<\/p>\n\n\n\n<p>Un comienzo es una nueva relaci\u00f3n, es recibir a un reci\u00e9n nacido, es divorciarse o romper con alguien, es cambiar de trabajo o de escuela. Es salir del hospital, de la c\u00e1rcel, terminar la universidad, concluir una carrera atl\u00e9tica, cambiarse de casa o de ciudad, recibir un diagn\u00f3stico, empezar un proyecto, es hacer algo que nunca hab\u00edas hecho. Es llamarle a alguien a quien no le hablabas hace diez a\u00f1os.<\/p>\n\n\n\n<p>Pero gracias a los calendarios que se crearon por costumbres ancestrales, gracias tambi\u00e9n a que los gobiernos aprovechan los cambios de a\u00f1o para subir tarifas, crear nuevos impuestos; estamos obligados a despedir un ciclo y recibir uno nuevo. Es muy curioso porque en realidad sabemos bien que los prop\u00f3sitos no comenzar\u00e1n cumplirse el 1, ni el 2, probablemente ni el 3 de enero.&nbsp;<\/p>\n\n\n\n<p>Muchas actividades no terminan por arrancar: hay m\u00e9dicos que no tienen citas disponibles, las escuelas reciben a sus alumnos en l\u00ednea o de forma presencial, para pedirles relatar sus vacaciones y su navidad. Muchos estudiantes j\u00f3venes aun siguen disfrutando sus d\u00edas libres.&nbsp;<\/p>\n\n\n\n<blockquote class=\"wp-block-quote is-layout-flow wp-block-quote-is-layout-flow\"><p>Sin embargo, la vida tiene ese dejo de cotidianidad que, a quienes nos agobian un poco estas fechas, nos deja un poco m\u00e1s tranquilos: hay tiendas que tienen a sus mismas cajeras, el caf\u00e9 de tu cafetera huele igual de bien cada ma\u00f1ana, sales a la calle y la misma gente, se sigue ejercitando de la misma manera. Sabes que, despu\u00e9s del caos de unos d\u00edas, podr\u00e1s comer bien y quiz\u00e1s, logres disfrutar el sof\u00e1 de tu sala o por fin logres leer el libro que compraste al cierre de a\u00f1o.<\/p><\/blockquote>\n\n\n\n<p>No siempre en nuestra vida empezamos algo nuevo en el mes de enero. Pero a quienes as\u00ed le suceda, que la energ\u00eda fluya y que los retos nos reciban con una sonrisa y no al rev\u00e9s. De cualquier manera, que 2022 sea un a\u00f1o con sus domingos tranquilos, con sus martes, jueves, o s\u00e1bados productivos. Con los lunes, de recargada cafe\u00edna. Y que despu\u00e9s de tanto caos pand\u00e9mico, que esta vez no nos falte nadie.<\/p>\n\n\n\n<p>Twitter: @Lavargasadri<\/p>\n","protected":false},"excerpt":{"rendered":"<p>La imagen m\u00e1s certera de que algo se acaba y algo est\u00e1 por iniciar, es el bote de basura de la calle a punto de reventar, con los desechos de &hellip; <a href=\"https:\/\/lavereda.com.mx\/index.php\/2022\/01\/04\/apuntes-para-un-inicio-de-ano\/\" class=\"more-link\">Leer m\u00e1s<\/a><\/p>\n","protected":false},"author":9,"featured_media":2973,"comment_status":"open","ping_status":"open","sticky":false,"template":"","format":"standard","meta":{"footnotes":""},"categories":[18,9],"tags":[19,20],"class_list":["post-2972","post","type-post","status-publish","format-standard","has-post-thumbnail","hentry","category-lomasrelevante","category-opinion","tag-19","tag-anonuevo","entry"],"_links":{"self":[{"href":"https:\/\/lavereda.com.mx\/index.php\/wp-json\/wp\/v2\/posts\/2972","targetHints":{"allow":["GET"]}}],"collection":[{"href":"https:\/\/lavereda.com.mx\/index.php\/wp-json\/wp\/v2\/posts"}],"about":[{"href":"https:\/\/lavereda.com.mx\/index.php\/wp-json\/wp\/v2\/types\/post"}],"author":[{"embeddable":true,"href":"https:\/\/lavereda.com.mx\/index.php\/wp-json\/wp\/v2\/users\/9"}],"replies":[{"embeddable":true,"href":"https:\/\/lavereda.com.mx\/index.php\/wp-json\/wp\/v2\/comments?post=2972"}],"version-history":[{"count":1,"href":"https:\/\/lavereda.com.mx\/index.php\/wp-json\/wp\/v2\/posts\/2972\/revisions"}],"predecessor-version":[{"id":2974,"href":"https:\/\/lavereda.com.mx\/index.php\/wp-json\/wp\/v2\/posts\/2972\/revisions\/2974"}],"wp:featuredmedia":[{"embeddable":true,"href":"https:\/\/lavereda.com.mx\/index.php\/wp-json\/wp\/v2\/media\/2973"}],"wp:attachment":[{"href":"https:\/\/lavereda.com.mx\/index.php\/wp-json\/wp\/v2\/media?parent=2972"}],"wp:term":[{"taxonomy":"category","embeddable":true,"href":"https:\/\/lavereda.com.mx\/index.php\/wp-json\/wp\/v2\/categories?post=2972"},{"taxonomy":"post_tag","embeddable":true,"href":"https:\/\/lavereda.com.mx\/index.php\/wp-json\/wp\/v2\/tags?post=2972"}],"curies":[{"name":"wp","href":"https:\/\/api.w.org\/{rel}","templated":true}]}}