{"id":2969,"date":"2022-01-03T20:31:25","date_gmt":"2022-01-03T20:31:25","guid":{"rendered":"http:\/\/lavereda.com.mx\/?p=2969"},"modified":"2022-01-03T20:31:27","modified_gmt":"2022-01-03T20:31:27","slug":"llega-la-flauta-magica-al-teatro-isauro-martinez","status":"publish","type":"post","link":"https:\/\/lavereda.com.mx\/index.php\/2022\/01\/03\/llega-la-flauta-magica-al-teatro-isauro-martinez\/","title":{"rendered":"Llega la Flauta M\u00e1gica al Teatro Isauro Mart\u00ednez"},"content":{"rendered":"\n<p>La versi\u00f3n abreviada en ingl\u00e9s del cuento de hadas m\u00e1gico de Mozart, producci\u00f3n del Met de Nueva York, se podr\u00e1 disfrutar este s\u00e1bado 8 de enero a las 11:50 horas, en la proyecci\u00f3n que ofrecer\u00e1 el Teatro Isauro Mart\u00ednez.&nbsp;<\/p>\n\n\n\n<p>Un elenco de destacados artistas se re\u00fane para dar vida a la encantadora historia liderada por el tenor Matthew Polenzani como el valiente Tamino y la soprano Hera Hyesang Park como la virtuosa Pamina. Rolando Villaz\u00f3n hace un emocionante debut como el adorable amante Papageno, junto a Kathryn Lewek como la temible Reina de la Noche y Morris Robinson como su n\u00e9mesis, el sabio director Sarastro. Jane Glover.<\/p>\n\n\n\n<p>Una tierra m\u00edtica entre el sol y la luna. Tres damas al servicio de la Reina de la Noche salvan al Pr\u00edncipe Tamino de una serpiente. Cuando salen a dec\u00edrselo a la reina, aparece el cazador de p\u00e1jaros Papageno. Se jacta ante Tamino de que fue \u00e9l quien mat\u00f3 a la criatura. Las damas regresan para darle a Tamino un retrato de la hija de la reina, Pamina, que dicen que ha sido esclavizada por el malvado Sarastro.&nbsp;<\/p>\n\n\n\n<p>El estreno mundial fue en Viena, en 1791. Un sublime cuento de hadas que se mueve libremente entre la comedia terrenal y el misticismo noble, La flauta m\u00e1gica (Die Zauberfl\u00f6te en el alem\u00e1n original) fue escrita para un teatro ubicado a las afueras de Viena con la clara intenci\u00f3n de atraer a audiencias de todos los \u00e1mbitos de la vida. La historia se cuenta en un formato singspiel (\u00absong-play\u00bb) caracterizado por n\u00fameros musicales separados conectados por el di\u00e1logo y la actividad esc\u00e9nica, una excelente estructura para navegar por los diversos estados de \u00e1nimo, que van desde solemnes hasta alegres, de la historia y la partitura.<\/p>\n\n\n\n<p>Wolfgang Amadeus Mozart (1756-1791) era hijo de un m\u00fasico de la corte de Salzburgo que lo exhibi\u00f3 como un prodigio musical en toda Europa. Sus logros en la \u00f3pera, en t\u00e9rminos de belleza, desaf\u00edo vocal y visi\u00f3n dram\u00e1tica, siguen siendo insuperables. Muri\u00f3 tres meses despu\u00e9s del estreno de Die Zauberfl\u00f6te,su \u00faltima obra producida para el escenario.&nbsp;<\/p>\n","protected":false},"excerpt":{"rendered":"<p>La versi\u00f3n abreviada en ingl\u00e9s del cuento de hadas m\u00e1gico de Mozart, producci\u00f3n del Met de Nueva York, se podr\u00e1 disfrutar este s\u00e1bado 8 de enero a las 11:50 horas, &hellip; <a href=\"https:\/\/lavereda.com.mx\/index.php\/2022\/01\/03\/llega-la-flauta-magica-al-teatro-isauro-martinez\/\" class=\"more-link\">Leer m\u00e1s<\/a><\/p>\n","protected":false},"author":1,"featured_media":2970,"comment_status":"open","ping_status":"open","sticky":false,"template":"","format":"standard","meta":{"footnotes":""},"categories":[2,18],"tags":[],"class_list":["post-2969","post","type-post","status-publish","format-standard","has-post-thumbnail","hentry","category-artes-escenicas","category-lomasrelevante","entry"],"_links":{"self":[{"href":"https:\/\/lavereda.com.mx\/index.php\/wp-json\/wp\/v2\/posts\/2969","targetHints":{"allow":["GET"]}}],"collection":[{"href":"https:\/\/lavereda.com.mx\/index.php\/wp-json\/wp\/v2\/posts"}],"about":[{"href":"https:\/\/lavereda.com.mx\/index.php\/wp-json\/wp\/v2\/types\/post"}],"author":[{"embeddable":true,"href":"https:\/\/lavereda.com.mx\/index.php\/wp-json\/wp\/v2\/users\/1"}],"replies":[{"embeddable":true,"href":"https:\/\/lavereda.com.mx\/index.php\/wp-json\/wp\/v2\/comments?post=2969"}],"version-history":[{"count":1,"href":"https:\/\/lavereda.com.mx\/index.php\/wp-json\/wp\/v2\/posts\/2969\/revisions"}],"predecessor-version":[{"id":2971,"href":"https:\/\/lavereda.com.mx\/index.php\/wp-json\/wp\/v2\/posts\/2969\/revisions\/2971"}],"wp:featuredmedia":[{"embeddable":true,"href":"https:\/\/lavereda.com.mx\/index.php\/wp-json\/wp\/v2\/media\/2970"}],"wp:attachment":[{"href":"https:\/\/lavereda.com.mx\/index.php\/wp-json\/wp\/v2\/media?parent=2969"}],"wp:term":[{"taxonomy":"category","embeddable":true,"href":"https:\/\/lavereda.com.mx\/index.php\/wp-json\/wp\/v2\/categories?post=2969"},{"taxonomy":"post_tag","embeddable":true,"href":"https:\/\/lavereda.com.mx\/index.php\/wp-json\/wp\/v2\/tags?post=2969"}],"curies":[{"name":"wp","href":"https:\/\/api.w.org\/{rel}","templated":true}]}}