{"id":2956,"date":"2021-12-28T15:14:11","date_gmt":"2021-12-28T15:14:11","guid":{"rendered":"http:\/\/lavereda.com.mx\/?p=2956"},"modified":"2021-12-28T15:15:12","modified_gmt":"2021-12-28T15:15:12","slug":"nadia-contreras-y-la-difusion-de-la-literarura-escrita-por-mujeres","status":"publish","type":"post","link":"https:\/\/lavereda.com.mx\/index.php\/2021\/12\/28\/nadia-contreras-y-la-difusion-de-la-literarura-escrita-por-mujeres\/","title":{"rendered":"Nadia Contreras y la difusi\u00f3n de la literarura escrita por mujeres"},"content":{"rendered":"\n<p><strong>Por: Yaazkal Ruiz \/ Carlos \u00c1lvarez Orozco<\/strong><\/p>\n\n\n\n<p>Nadia Contreras naci\u00f3 en Queser\u00eda, Colima, en 1976 y es escritora, acad\u00e9mica y tallerista. Licenciada en Letras y Periodismo y maestra en Ciencias Sociales por la Universidad de Colima. En la Universidad Aut\u00f3noma de La Laguna curs\u00f3 la Especialidad en Educaci\u00f3n. Su obra, principalmente po\u00e9tica, ha sido traducida al ingl\u00e9s, portugu\u00e9s e italiano. En 2020 obtuvo la beca del Fondo Nacional para la Cultura y las Artes (FONCA) para proyectos digitales del programa Contigo en la distancia. Es miembro del Consejo de cultura, en el \u00e1rea de literatura, de la Secretar\u00eda de Cultura del Estado de Coahuila, periodo 2020-2023 y actualmente cuenta con el apoyo del Programa de Est\u00edmulos a la Creaci\u00f3n y Desarrollo Art\u00edstico PECDA 2021, Coahuila, para la escritura de un libro de poes\u00eda que ha titulado&nbsp;<em>Imprecisiones<\/em>.&nbsp;<\/p>\n\n\n\n<p>En esta ocasi\u00f3n vamos a platicar exclusivamente sobre la editorial que este 2022, cumplir\u00e1 9 a\u00f1os de existencia.&nbsp;<\/p>\n\n\n\n<p><strong><em>\u00bfQu\u00e9 es Bit\u00e1cora de vuelos ediciones? \u00bfQu\u00e9 impacto crees que tiene en este justo momento?&nbsp;<\/em><\/strong><\/p>\n\n\n\n<p>Siempre he considerado que el paso del tiempo, los a\u00f1os, las d\u00e9cadas\u2026 se encargar\u00e1n de decir si todo vali\u00f3 la pena. No tengo idea del alcance real de nuestro trabajo, s\u00ed hay un movimiento en torno a la revista y a la editorial; un movimiento que considero, limpio, franco, alejado de la grilla o mafia cultural y literaria, porque en este medio hay de todo. La editorial siempre ha tenido puertas abiertas. \u201cSi no te gusta lo que hacemos, pues pasa de largo\u201d, es lo que digo a ciertas personas que intentan de todo en contra de nuestra labor. Adem\u00e1s, en M\u00e9xico como en el mundo, hay un sinf\u00edn de proyectos con los cu\u00e1les identificarte. \u201cNi yo quiero dificultar tu trabajo ni quiero que t\u00fa seas un freno para lo que hacemos\u201d, as\u00ed de sencilla es mi respuesta.&nbsp;<\/p>\n\n\n\n<p>Bit\u00e1cora de vuelos es un proyecto s\u00f3lido. Para marzo de 2022 comenzaremos tambi\u00e9n a trabajar el formato del libro impreso. Publicamos Poes\u00eda, Cr\u00f3nica, Cuento, Rese\u00f1a y Ensayo literario en sus colecciones respectivas: Colecci\u00f3n Pulsaciones (Ensayo y\/o rese\u00f1a literaria); Colecci\u00f3n Brazos (Poes\u00eda); Colecci\u00f3n Fuegos (Narrativa); Colecci\u00f3n Voces (Cr\u00f3nica). En 2020 inauguramos ebooks exclusivos para el p\u00fablico infantil juvenil. Ahora esta colecci\u00f3n cuenta con 4 publicaciones.&nbsp;<\/p>\n\n\n\n<p>Cada a\u00f1o promovemos el Premio Internacional \u201cBit\u00e1cora de vuelos\u201d que poco a poco se ha posicionado en uno de los de mayor importancia en Am\u00e9rica Latina para publicaci\u00f3n de obra en formato electr\u00f3nico. Acabamos de cerrar dicha convocatoria y pues ahora esperamos resultados para trabajar la agenda editorial del a\u00f1o pr\u00f3ximo. Se abrir\u00e1 tambi\u00e9n la convocatoria para recepci\u00f3n de obra bajo el modelo de financiamiento.&nbsp;<\/p>\n\n\n\n<p><strong>\u00bf<em>En d\u00f3nde se encuentran sus libros?&nbsp;<\/em><\/strong><\/p>\n\n\n\n<p>Estamos presentes en una muy buena cantidad de librer\u00edas digitales.&nbsp;Por ejemplo: Amazon, Google Play Books, Scribd, Kobo, Gandhi, Barnes and Noble, Apple Books, Payhip, entre otras.&nbsp;Los libros est\u00e1n ah\u00ed y solo hace falta adquirirlos. S\u00ed te voy a comentar un punto importante que debemos de saber y que cada vez me preocupa m\u00e1s sobre todo porque va ligado al tema de la venta. A veces pensamos que, con s\u00f3lo publicar el libro, el libro se vende de manera autom\u00e1tica, esto es un error muy grande. La apuesta que hacemos nosotros, como tantas editoriales independientes, es la de apoyar al escritor que por primera vez publica. A veces se les conoce muy poco. La editorial y el autor tienen que ir de la mano para la difusi\u00f3n de su obra. Lo que hacemos nosotros con la publicidad es nada cuando no recibimos apoyo del otro lado, sin olvidar por supuesto, que las propias plataformas de venta, restan un porcentaje al pago de regal\u00edas. Muchas veces nos quedamos sin nada, pues, y creo necesario revertir esta situaci\u00f3n.<\/p>\n\n\n\n<p><strong><em>Es un panorama que pocos sabemos. Y ya que estamos en este tema, \u00bfcu\u00e1les son las cosas m\u00e1s dif\u00edciles que han enfrentado como editorial? \u00bfMomentos, situaciones?&nbsp;<\/em><\/strong><\/p>\n\n\n\n<p>Como les dec\u00eda, principalmente el econ\u00f3mico. Sin embargo, nunca nos hemos quedado con los brazos cruzados. Esta pandemia es lo que nos ense\u00f1\u00f3. Imagina, te quedas con los brazos cruzados y adi\u00f3s proyecto, adi\u00f3s todo. La pandemia fue y sigue siendo dura para todos y m\u00e1s si hablamos de p\u00e9rdidas humanas. Una \u00e9poca de mucho dolor, demasiado.&nbsp;&nbsp;<\/p>\n\n\n\n<p>Hemos procurado desarrollar estrategias que nos permitan sobrevivir y, a la vez, que nos ayuden a crecer. Por ejemplo, aunado a la labor editorial, tenemos talleres a lo largo del a\u00f1o enfocados a la profesionalizaci\u00f3n de la escritura y la edici\u00f3n. Ahora todo se hace en l\u00ednea y, por ello, contamos con maestros de la talla de Ram\u00f3n Iv\u00e1n Su\u00e1rez Caamal, Ang\u00e9lica Santa Olaya, Am\u00e9rica Femat Viveros, Kyra Galv\u00e1n, Marisol Vera Guerra, etc. Tambi\u00e9n impart\u00ed yo un taller relacionado con el libro electr\u00f3nico y pues nos ha ido muy bien, la respuesta ha sido absoluta y con lo obtenido, adem\u00e1s de cubrir los honorarios de los talleristas, cubrimos algunos de los gastos que genera la editorial.&nbsp;<\/p>\n\n\n\n<p>Entrevistas, charlas, videopoemas, ciclos de poes\u00eda (La piel verdadera va por su tercera temporada en Facebook y Youtube), tambi\u00e9n conforman nuestra propuesta. Gracias a este trabajo, en 2020, recibimos la beca del Fondo Nacional para la Cultura y las Artes (FONCA) para proyectos digitales del programa Contigo en la distancia (2020). En lo personal tambi\u00e9n me ha ido bien, becas, premios, apoyos, los invierto en la editorial. Me dicen que no me gaste as\u00ed el dinero, pero nunca ha sido un gasto. Es inversi\u00f3n. As\u00ed veo las cosas, adem\u00e1s, Bit\u00e1cora de vuelos es un proyecto que quiero mucho y es m\u00edo.&nbsp;<\/p>\n\n\n\n<p>Con el apoyo que obtuve del programa Arte resiliente 2020, que entreg\u00f3 la Secretar\u00eda de Cultura del Estado de Coahuila, en coordinaci\u00f3n con la Secretar\u00eda de Cultura del Gobierno de M\u00e9xico por medio del programa de Apoyo a Instituciones Estatales de Cultura (AIEC), pude desarrollar un ciclo de entrevistas a escritoras coahuilenses con el t\u00edtulo: \u201cLa poes\u00eda alberga la esperanza: Di\u00e1logo con seis mujeres poetas coahuilenses frente a tiempos convulsos\u201d. Entrevistamos a las poetas Dana Gelinas, Mercedes Luna Fuentes, Mar\u00eda Luisa Iglesias, Claudia Berrueto, Carmen \u00c1vila, Esther M. Garc\u00eda. Es un trabajo personal pero que impacta tambi\u00e9n en la editorial y apoya uno de sus prop\u00f3sitos principales: la difusi\u00f3n de la literatura escrita por mujeres.&nbsp;&nbsp;<\/p>\n\n\n\n<p><strong><em>Tienen tambi\u00e9n un ciclo que llamaron La piel verdadera. \u00bfMe puedes decir en qu\u00e9 consiste?<\/em><\/strong><\/p>\n\n\n\n<p>Voy a acudir un poco a una nota que se public\u00f3 en torno a ese ciclo y la cual tambi\u00e9n t\u00fa escribiste, Karen (Yaazkal). Espero te acuerdes. Esta entrevista, creo que ser\u00e1 un buen registro de nuestra labor. Todo surgi\u00f3 a ra\u00edz de la publicaci\u00f3n del programa \u00abBrigada para Leer en Libertad\u00bb con la participaci\u00f3n de 10 escritores varones (mayo de 2020). \u00bfY las mujeres? \u00bfNo existen? Claro, las mujeres s\u00ed existen y escriben muy bien. Nuestra respuesta fue organizar estas lecturas que titulamos: \u201cLa piel verdadera, poes\u00eda mexicana actual escrita por mujeres\u201d.&nbsp;<\/p>\n\n\n\n<p>En su segunda temporada reunimos a m\u00e1s de 55 poetas mexicanas, entre las que destacan: Sugey Navarro, Margarita Aguilar Urb\u00e1n, Nancy Hern\u00e1ndez Garc\u00eda, Chary Gumeta, Maricela Guerrero, Karen Cano, Cristina Arreola M\u00e1rquez, Nict\u00e9 Toxqui, Arlette Lu\u00e9vano. Y esto, va de la mano con otras muchas propuestas enfocadas al mismo fin.&nbsp;<\/p>\n\n\n\n<blockquote class=\"wp-block-quote is-layout-flow wp-block-quote-is-layout-flow\"><p>En M\u00e9xico, hay grandes proyectos que buscan reivindicar el trabajo de las escritoras: Hablemos escritoras, Escritoras MX, Mapa de escritoras mexicanas; podemos mencionar los foros y festivales promovidos por las escritoras Marisa Trejo Sirvent, Beatriz Saavedra, Margarita D\u00edaz de Le\u00f3n, Elpidia Garc\u00eda Delgado, entre otros tantos. Los espacios son ahora de las mujeres y lo digo no como una declaraci\u00f3n de guerra, sino como una oportunidad de trabajar en colectivo.\u00a0<\/p><\/blockquote>\n\n\n\n<p><strong><em>\u00bfMe puedes hablar un poco sobre el cat\u00e1logo de la editorial? Este a\u00f1o fue muy movido para ustedes.&nbsp;<\/em><\/strong><\/p>\n\n\n\n<p>En total se han publicado 50 libros electr\u00f3nicos. 28 corresponden al g\u00e9nero de poes\u00eda, 8 al g\u00e9nero de cuento, 4 de ensayo, 3 minificci\u00f3n, 3 de novelas y 5 antolog\u00edas.&nbsp;<\/p>\n\n\n\n<p>Poes\u00eda es lo que m\u00e1s publicamos, es mi g\u00e9nero y tambi\u00e9n el g\u00e9nero relegado de las grandes editoriales porque dif\u00edcilmente vende. La poes\u00eda, la esencia de la poes\u00eda, va m\u00e1s all\u00e1 de las ganancias. El cat\u00e1logo incluye escritoras y escritores internacionales y nacionales como, por ejemplo, Ethel Krauze, Kyra Galv\u00e1n, Alma Mancilla, Beatriz Saavedra, Margarita Aguilar, Alma Karla Sandoval, Carmen \u00c1vila, Armando Salgado, Don Cellini.&nbsp;<\/p>\n\n\n\n<p>Tuvimos la obra de las escritoras Cristina Liceaga y Odette Alonso, sin embargo, sus libros se encuentran descatalogados. Se ha publicado traducci\u00f3n,&nbsp;<em>Stone poems-Piedra poemas<\/em>, escrito por Don Cellini y traducido por Carmen \u00c1vila.&nbsp;<\/p>\n\n\n\n<p>Hace poco publicamos tambi\u00e9n la antolog\u00eda&nbsp;<em>Estrategia del poema<\/em>, compilado por Armando Salgado y Octavio Gallardo.&nbsp;<em>Estrategia&nbsp;<\/em>re\u00fane reflexiones de 72 autores de M\u00e9xico y del mundo, en habla espa\u00f1ola, en torno a la creaci\u00f3n po\u00e9tica. Los autores intentan responder en cerca de 400 p\u00e1ginas que posee el trabajo su en conjunto. Y hace unas semanas se public\u00f3, para su descarga gratuita,&nbsp;<em>Jard\u00edn de figuras abiertas II. Antolog\u00eda de poes\u00eda en lengua espa\u00f1ola.&nbsp;<\/em>La antolog\u00eda, d\u00e9jame acudir al apunte, re\u00fane en su segundo volumen, la poes\u00eda de: Jacqueline de la Luz Campos Rodr\u00edguez, Am\u00e9rica Alejandra Femat Viveros, Berta Alicia Carrillo Quiroz, Elizabeth Alejandra Castillo Mart\u00ednez, Gela Manzano, Josel\u00edn Mej\u00eda Garc\u00eda, Jorge Pacheco Zavala, Marcia Koryna Hern\u00e1ndez Hern\u00e1ndez, Martha Rosa Esquinca D\u00edaz, Renatta Vega Arias, Roberto L\u00f3pez Mart\u00ednez, Salvador Romero Corral.&nbsp;<\/p>\n\n\n\n<p>Como dicen, este a\u00f1o ha sido muy movido. Una parte de los ebook publicados corresponden al apoyo que ofrecemos a las autoras y autores por medio de financiamiento. En este financiamiento la editorial se compromete a apoyar a la autora o autor con el 50% del costo del ebook, siempre y cuando sea dictaminado a favor. No es publicar por publicar, hay una valoraci\u00f3n que hacen expertos en cada categor\u00eda. Si el dictamen sale a favor, la autora o el autor nos apoya y nosotros tambi\u00e9n.<\/p>\n\n\n\n<p><strong><em>\u00bfTe inspiraste en alg\u00fan otro proyecto para fundar la editorial? \u00bfSeguiste el ejemplo de alguien? En alg\u00fan momento te escuch\u00e9 hablar de Crunch! Editores.<\/em><\/strong><\/p>\n\n\n\n<p>S\u00ed, en todo esto hay un antecedente. Les debo hablar de Crunch! Editores, la primera editorial en M\u00e9xico dedicada exclusivamente a la publicaci\u00f3n de eBooks, fundada por Carlos Adolfo Guti\u00e9rrez Vidal. En su momento, como editorial independiente, era algo inaudito. \u00bfQu\u00e9 se necesitaba? Llegar al libro y descargarlo de la p\u00e1gina web de la editorial. Imagina: \u00a1libro f\u00edsico y libro digital o electr\u00f3nico! Esa relaci\u00f3n, uno apoyando al otro y viceversa: \u00a1Era la locura!&nbsp;<\/p>\n\n\n\n<p>Quer\u00eda hacer algo as\u00ed, quer\u00eda libros que se pudieran descargar en cualquier momento y llevar en los dispositivos que el lector quisiera. En lugar de una mochila, maleta, bolso, bastaba un dispositivo: celular, Kindle, Nook y otros tantos. Las aplicaciones para leer estos libros tambi\u00e9n eran y muchas de ellas, siguen siendo gratuitas. Nunca pens\u00e9 que crecer\u00edamos tanto y ah\u00ed naci\u00f3 la idea de formalizarnos en esta actividad, pensar m\u00e1s all\u00e1 de una descarga gratuita. Comenzamos a hacer libros para vender (siguen sin importarme mucho las tendencias del mercado editorial) y se tuvieron que ajustar muchas cosas.<\/p>\n\n\n\n<p><strong><em>\u00bfQu\u00e9 viene para la editorial? \u00bfCu\u00e1les son sus proyectos a futuro? \u00bfC\u00f3mo la vez de aqu\u00ed a unos a\u00f1os m\u00e1s adelante?<\/em><\/strong><\/p>\n\n\n\n<p>Lo primero es seguir existiendo. Como dije, la pandemia volvi\u00f3 m\u00e1s dif\u00edcil todo, la situaci\u00f3n pol\u00edtica, la econ\u00f3mica, en fin. No obstante, creo que no hay \u00e9pocas de crisis sino de oportunidades. Soy optimista y veo a la editorial, en ese futuro que mencionas, como un referente de la edici\u00f3n digital y electr\u00f3nica en M\u00e9xico. El 2020 y 2021 fueron de muchos cambios. Por ejemplo, abrimos nuestra colecci\u00f3n para p\u00fablico infantil y juvenil; son ebooks ilustrados. Tal vez digan, \u201c\u00a1qu\u00e9 chiste tiene! \u00a1va la imagen y ya!\u201d Pues tiene su chiste y m\u00e1s para quienes no estamos o no est\u00e1bamos capacitados en la elaboraci\u00f3n del libro electr\u00f3nico. La ilustraci\u00f3n, en estas publicaciones, es un tema muy interesante. E insisten \u201c\u00a1qu\u00e9 chiste!\u201d Bueno, respondo, \u201cpues funden su editorial, trabajen, publiquen, difundan\u2026 y cuando nos alcancen en a\u00f1os, hablamos\u201d.&nbsp;<\/p>\n\n\n\n<p><strong><em>\u00bfPuedes agregar algo para finalizar esta entrevista?<\/em><\/strong><\/p>\n\n\n\n<p>Agradecerles y tambi\u00e9n agradecer su contribuci\u00f3n en Bit\u00e1cora; agradecer a cada persona que ha dejado y deja su huella tanto en la revista como en la editorial. S\u00ed quiero cerrar diciendo que tenemos delante de nosotros un gran trabajo que debe ser colaborativo. Aqu\u00ed, en la laguna, hay proyectos enormes que hacen posible la difusi\u00f3n de la literatura. No los menciono porque siempre, por olvido o por error, omito proyectos trascendentales. Quiz\u00e1 lo que debemos hacer es un cat\u00e1logo de editoriales del norte del pa\u00eds. \u00bfQui\u00e9nes est\u00e1n? \u00bfQui\u00e9nes son? \u00bfQu\u00e9 publican? \u00bfCu\u00e1les son sus formatos, sus estrategias, sus canales de venta? En fin.<\/p>\n\n\n\n<p>Y finalmente, para redondear la respuesta a una pregunta anterior, a\u00f1ado: si uno se queda con los brazos cruzados, nadie tocar\u00e1 a nuestra puerta. Las editoriales independientes, a diferencia de las trasnacionales, pues tenemos que hacer de todo para obtener recursos. Si no hay apoyo aqu\u00ed, habr\u00e1 que buscarlo en otro lado. Dinero para la ciencia, para el deporte, para la cultura, para la literatura, dif\u00edcilmente en nuestro pa\u00eds; para conseguirlo, para ganarlo, debemos trabajar, gestionar, generar estrategias, innovar y fortalecernos en comunidad. Es mi recomendaci\u00f3n.&nbsp;<\/p>\n","protected":false},"excerpt":{"rendered":"<p>Por: Yaazkal Ruiz \/ Carlos \u00c1lvarez Orozco Nadia Contreras naci\u00f3 en Queser\u00eda, Colima, en 1976 y es escritora, acad\u00e9mica y tallerista. Licenciada en Letras y Periodismo y maestra en Ciencias &hellip; <a href=\"https:\/\/lavereda.com.mx\/index.php\/2021\/12\/28\/nadia-contreras-y-la-difusion-de-la-literarura-escrita-por-mujeres\/\" class=\"more-link\">Leer m\u00e1s<\/a><\/p>\n","protected":false},"author":1,"featured_media":2957,"comment_status":"open","ping_status":"open","sticky":false,"template":"","format":"standard","meta":{"footnotes":""},"categories":[5,18],"tags":[],"class_list":["post-2956","post","type-post","status-publish","format-standard","has-post-thumbnail","hentry","category-letras-y-libros","category-lomasrelevante","entry"],"_links":{"self":[{"href":"https:\/\/lavereda.com.mx\/index.php\/wp-json\/wp\/v2\/posts\/2956","targetHints":{"allow":["GET"]}}],"collection":[{"href":"https:\/\/lavereda.com.mx\/index.php\/wp-json\/wp\/v2\/posts"}],"about":[{"href":"https:\/\/lavereda.com.mx\/index.php\/wp-json\/wp\/v2\/types\/post"}],"author":[{"embeddable":true,"href":"https:\/\/lavereda.com.mx\/index.php\/wp-json\/wp\/v2\/users\/1"}],"replies":[{"embeddable":true,"href":"https:\/\/lavereda.com.mx\/index.php\/wp-json\/wp\/v2\/comments?post=2956"}],"version-history":[{"count":2,"href":"https:\/\/lavereda.com.mx\/index.php\/wp-json\/wp\/v2\/posts\/2956\/revisions"}],"predecessor-version":[{"id":2959,"href":"https:\/\/lavereda.com.mx\/index.php\/wp-json\/wp\/v2\/posts\/2956\/revisions\/2959"}],"wp:featuredmedia":[{"embeddable":true,"href":"https:\/\/lavereda.com.mx\/index.php\/wp-json\/wp\/v2\/media\/2957"}],"wp:attachment":[{"href":"https:\/\/lavereda.com.mx\/index.php\/wp-json\/wp\/v2\/media?parent=2956"}],"wp:term":[{"taxonomy":"category","embeddable":true,"href":"https:\/\/lavereda.com.mx\/index.php\/wp-json\/wp\/v2\/categories?post=2956"},{"taxonomy":"post_tag","embeddable":true,"href":"https:\/\/lavereda.com.mx\/index.php\/wp-json\/wp\/v2\/tags?post=2956"}],"curies":[{"name":"wp","href":"https:\/\/api.w.org\/{rel}","templated":true}]}}