{"id":2944,"date":"2021-12-26T17:19:30","date_gmt":"2021-12-26T17:19:30","guid":{"rendered":"http:\/\/lavereda.com.mx\/?p=2944"},"modified":"2021-12-26T17:19:31","modified_gmt":"2021-12-26T17:19:31","slug":"la-caperucita-roja","status":"publish","type":"post","link":"https:\/\/lavereda.com.mx\/index.php\/2021\/12\/26\/la-caperucita-roja\/","title":{"rendered":"La Caperucita Roja"},"content":{"rendered":"\n<p>La Caperucita Roja, 1960<\/p>\n\n\n\n<p>Amazon Prime Video<\/p>\n\n\n\n<p>El cine mexicano tropicaliz\u00f3 el cuento de Charles Perrault, y lo hizo con encanto, ingenuidad y mucha gracia.<\/p>\n\n\n\n<p>El show se lo roba entero Manuel&nbsp;<em>El Loco<\/em>&nbsp;Valdez, en su inolvidable caracterizaci\u00f3n deschavetada, sin frenos y llena de improvisaciones del malvado Lobo Feroz que quiere comerse a la dulce ni\u00f1a visita a su abuela. Para conseguir su prop\u00f3sito, la fuiera se viste con diferentes disfraces con los que c\u00f3micamente busca pasar desapercibido. La historia de la ni\u00f1a que anda por el bosque al acecho del mal bicho esta aderezada con otras presencias importantes como Prudencia Grifell, como la Abuela, y Rafael Mu\u00f1oz, conocido como el Enano Santan\u00f3n, en su papel de El Zorrillito, Beatriz Aguirre y Luis Manuel Pelayo.<\/p>\n\n\n\n<p>El ambiente est\u00e1 risiblemente europeizado y los efectos especiales son b\u00e1sicos, aunque todo funciona muy bien.<\/p>\n\n\n\n<p>La historia es protagonizada por Mar\u00eda Gracia, a quien presentaban como La Ni\u00f1a de M\u00e9xico, por su carisma infantil, aunque hizo escasas pel\u00edculas y tuvo una trayectoria ef\u00edmera. La historia tuvo otras dos secuelas oportunidad: Caperucita y sus Tres Amigos, y Caperucita y Pulgarcito contra los Monstruos, en las que ella ya era amiga del Lobo.<\/p>\n\n\n\n<p>(PG. Para todo p\u00fablico)<\/p>\n\n\n\n<p>Twitter @LucianoCamposG<\/p>\n","protected":false},"excerpt":{"rendered":"<p>La Caperucita Roja, 1960 Amazon Prime Video El cine mexicano tropicaliz\u00f3 el cuento de Charles Perrault, y lo hizo con encanto, ingenuidad y mucha gracia. El show se lo roba &hellip; <a href=\"https:\/\/lavereda.com.mx\/index.php\/2021\/12\/26\/la-caperucita-roja\/\" class=\"more-link\">Leer m\u00e1s<\/a><\/p>\n","protected":false},"author":3,"featured_media":2945,"comment_status":"open","ping_status":"open","sticky":false,"template":"","format":"standard","meta":{"footnotes":""},"categories":[6],"tags":[],"class_list":["post-2944","post","type-post","status-publish","format-standard","has-post-thumbnail","hentry","category-cinetv","entry"],"_links":{"self":[{"href":"https:\/\/lavereda.com.mx\/index.php\/wp-json\/wp\/v2\/posts\/2944","targetHints":{"allow":["GET"]}}],"collection":[{"href":"https:\/\/lavereda.com.mx\/index.php\/wp-json\/wp\/v2\/posts"}],"about":[{"href":"https:\/\/lavereda.com.mx\/index.php\/wp-json\/wp\/v2\/types\/post"}],"author":[{"embeddable":true,"href":"https:\/\/lavereda.com.mx\/index.php\/wp-json\/wp\/v2\/users\/3"}],"replies":[{"embeddable":true,"href":"https:\/\/lavereda.com.mx\/index.php\/wp-json\/wp\/v2\/comments?post=2944"}],"version-history":[{"count":1,"href":"https:\/\/lavereda.com.mx\/index.php\/wp-json\/wp\/v2\/posts\/2944\/revisions"}],"predecessor-version":[{"id":2946,"href":"https:\/\/lavereda.com.mx\/index.php\/wp-json\/wp\/v2\/posts\/2944\/revisions\/2946"}],"wp:featuredmedia":[{"embeddable":true,"href":"https:\/\/lavereda.com.mx\/index.php\/wp-json\/wp\/v2\/media\/2945"}],"wp:attachment":[{"href":"https:\/\/lavereda.com.mx\/index.php\/wp-json\/wp\/v2\/media?parent=2944"}],"wp:term":[{"taxonomy":"category","embeddable":true,"href":"https:\/\/lavereda.com.mx\/index.php\/wp-json\/wp\/v2\/categories?post=2944"},{"taxonomy":"post_tag","embeddable":true,"href":"https:\/\/lavereda.com.mx\/index.php\/wp-json\/wp\/v2\/tags?post=2944"}],"curies":[{"name":"wp","href":"https:\/\/api.w.org\/{rel}","templated":true}]}}