{"id":2941,"date":"2021-12-25T18:10:44","date_gmt":"2021-12-25T18:10:44","guid":{"rendered":"http:\/\/lavereda.com.mx\/?p=2941"},"modified":"2021-12-25T18:10:45","modified_gmt":"2021-12-25T18:10:45","slug":"voir-el-verano-del-tiburon","status":"publish","type":"post","link":"https:\/\/lavereda.com.mx\/index.php\/2021\/12\/25\/voir-el-verano-del-tiburon\/","title":{"rendered":"Voir: El verano del tibur\u00f3n"},"content":{"rendered":"\n<p><strong>Voir: Summer of the shark, 2021<\/strong><\/p>\n\n\n\n<p>Netflix<\/p>\n\n\n\n<p>Mediante una serie de magn\u00edficos ensayos visuales, la serie Voir pone a conocedores de cine a reflexionar, desde un punto de vista personal, c\u00f3mo se aproximaron al S\u00e9ptimo Arte.<\/p>\n\n\n\n<p>En este cap\u00edtulo, la bloggera y cr\u00edtica de cine Sasha Stone revisa c\u00f3mo fue que su vida cambi\u00f3 en 1975 con el estreno de la pel\u00edcula Tibur\u00f3n, que puso a Steven Spielberg en el mapa como uno de los genios de la industria. Narrado por ella misma, el documental es una retrovisi\u00f3n nost\u00e1lgica al ambiente de Estados Unidos, en una \u00e9poca en la que las audiencias a\u00fan eran ingenuas y se permit\u00edan ser seducidas por una popular historia de terror submarino que encant\u00f3 a toda una generaci\u00f3n.<\/p>\n\n\n\n<p>Stone explica que fue a ver decenas de veces esa cinta y sigui\u00f3 vi\u00e9ndola con el paso de los a\u00f1os, lo que le ayud\u00f3 a entender las claves de los grandes realizadores y a comprender c\u00f3mo funcionaba la mec\u00e1nica de la ficci\u00f3n que se encuentra oculta en las producciones que le gustan al gran p\u00fablico.<\/p>\n\n\n\n<p>La serie Voir que consta de seis cap\u00edtulos en esta primera temporada, es una joya que compila los puntos de vista de conocedores sobre sus motivos personales que les llevaron a amar el cine.<\/p>\n\n\n\n<p>Fascinante.<\/p>\n\n\n\n<p>(PG-13&nbsp;&#8211; Algunos materiales pueden ser inapropiados para menores de 13)<\/p>\n\n\n\n<p>@LucianoCamposG<\/p>\n","protected":false},"excerpt":{"rendered":"<p>Voir: Summer of the shark, 2021 Netflix Mediante una serie de magn\u00edficos ensayos visuales, la serie Voir pone a conocedores de cine a reflexionar, desde un punto de vista personal, &hellip; <a href=\"https:\/\/lavereda.com.mx\/index.php\/2021\/12\/25\/voir-el-verano-del-tiburon\/\" class=\"more-link\">Leer m\u00e1s<\/a><\/p>\n","protected":false},"author":3,"featured_media":2942,"comment_status":"open","ping_status":"open","sticky":false,"template":"","format":"standard","meta":{"footnotes":""},"categories":[6],"tags":[],"class_list":["post-2941","post","type-post","status-publish","format-standard","has-post-thumbnail","hentry","category-cinetv","entry"],"_links":{"self":[{"href":"https:\/\/lavereda.com.mx\/index.php\/wp-json\/wp\/v2\/posts\/2941","targetHints":{"allow":["GET"]}}],"collection":[{"href":"https:\/\/lavereda.com.mx\/index.php\/wp-json\/wp\/v2\/posts"}],"about":[{"href":"https:\/\/lavereda.com.mx\/index.php\/wp-json\/wp\/v2\/types\/post"}],"author":[{"embeddable":true,"href":"https:\/\/lavereda.com.mx\/index.php\/wp-json\/wp\/v2\/users\/3"}],"replies":[{"embeddable":true,"href":"https:\/\/lavereda.com.mx\/index.php\/wp-json\/wp\/v2\/comments?post=2941"}],"version-history":[{"count":1,"href":"https:\/\/lavereda.com.mx\/index.php\/wp-json\/wp\/v2\/posts\/2941\/revisions"}],"predecessor-version":[{"id":2943,"href":"https:\/\/lavereda.com.mx\/index.php\/wp-json\/wp\/v2\/posts\/2941\/revisions\/2943"}],"wp:featuredmedia":[{"embeddable":true,"href":"https:\/\/lavereda.com.mx\/index.php\/wp-json\/wp\/v2\/media\/2942"}],"wp:attachment":[{"href":"https:\/\/lavereda.com.mx\/index.php\/wp-json\/wp\/v2\/media?parent=2941"}],"wp:term":[{"taxonomy":"category","embeddable":true,"href":"https:\/\/lavereda.com.mx\/index.php\/wp-json\/wp\/v2\/categories?post=2941"},{"taxonomy":"post_tag","embeddable":true,"href":"https:\/\/lavereda.com.mx\/index.php\/wp-json\/wp\/v2\/tags?post=2941"}],"curies":[{"name":"wp","href":"https:\/\/api.w.org\/{rel}","templated":true}]}}