{"id":2926,"date":"2021-12-15T02:21:51","date_gmt":"2021-12-15T02:21:51","guid":{"rendered":"http:\/\/lavereda.com.mx\/?p=2926"},"modified":"2021-12-15T02:21:53","modified_gmt":"2021-12-15T02:21:53","slug":"el-teatro-isauro-martinez-opera-al-70-por-ciento-de-su-capacidad","status":"publish","type":"post","link":"https:\/\/lavereda.com.mx\/index.php\/2021\/12\/15\/el-teatro-isauro-martinez-opera-al-70-por-ciento-de-su-capacidad\/","title":{"rendered":"El Teatro Isauro Mart\u00ednez opera al 70 por ciento de su capacidad"},"content":{"rendered":"\n<p>El presidente del patronato del Teatro Isauro Mart\u00ednez, Rom\u00e1n Cepeda, inform\u00f3 que el recinto ha continuado abierto desde mediados del a\u00f1o pasado, presentando actividades presenciales en donde en algunos casos ya se les ha permitido abrir a un 70 por ciento de su capacidad.<\/p>\n\n\n\n<p>En una reuni\u00f3n con medios de comunicaci\u00f3n para despedir el 2021, Rom\u00e1n Cepeda coment\u00f3 que la instituci\u00f3n se dedic\u00f3 a apoyar principalmente al talento local para que pudieran presentar sus eventos en este escenario.<\/p>\n\n\n\n<p>Resalt\u00f3 la temporada realizada por la Camerata de Coahuila en este recinto y se\u00f1al\u00f3 que se va a dar continuidad para que la orquesta siga ofreciendo sus conciertos. Sin embargo, lament\u00f3 que ya no se pudo continuar con el Festival Internacional de Piano que se realizaba en conjunto con la Sala Beethoven, y que, por varios a\u00f1os, permiti\u00f3 disfrutar de los mejores pianistas a nivel internacional en esta ciudad.<\/p>\n\n\n\n<p>Dijo que el subsidio del gobierno federal desapareci\u00f3 desde el 2018. Desde ese a\u00f1o ya no se recibe apoyo del INBAL. No obstante, afirm\u00f3 que se contin\u00faa recibiendo apoyo del gobierno estatal y del municipio de Torre\u00f3n.<\/p>\n\n\n\n<p>Afirm\u00f3 que se continuar\u00e1 apoyando proyectos formativos como la&nbsp;Escuela de M\u00fasica Santa Cecilia, que cuenta con destacados maestros, algunos miembros de la Camerata.&nbsp;<\/p>\n\n\n\n<p>Gracias a que se les ha dado la oportunidad de operar al 70 por ciento de su capacidad en algunos eventos, coment\u00f3 que ya se podr\u00e1 presentar de nuevo espect\u00e1culos nacionales, que en el contexto de la pandemia del COVID 19 no se pod\u00edan llevar a cabo.<\/p>\n\n\n\n<p>Entre los objetivos del pr\u00f3ximo a\u00f1o coment\u00f3 que existe la intenci\u00f3n de revivir el Teatrailer.<\/p>\n\n\n\n<p>El Teatro Isauro Mart\u00ednez seguir\u00e1 ofreciendo actividades hasta el 20 de diciembre y despu\u00e9s se entrar\u00e1 en periodo vacacional. El siguiente ser\u00e1 el Concierto de Cuerdas con el ensamble Quinto Movimiento y el guitarrista italiano Diego Campagna, este 16 de diciembre a las 20:30 horas.<\/p>\n","protected":false},"excerpt":{"rendered":"<p>El presidente del patronato del Teatro Isauro Mart\u00ednez, Rom\u00e1n Cepeda, inform\u00f3 que el recinto ha continuado abierto desde mediados del a\u00f1o pasado, presentando actividades presenciales en donde en algunos casos &hellip; <a href=\"https:\/\/lavereda.com.mx\/index.php\/2021\/12\/15\/el-teatro-isauro-martinez-opera-al-70-por-ciento-de-su-capacidad\/\" class=\"more-link\">Leer m\u00e1s<\/a><\/p>\n","protected":false},"author":9,"featured_media":1985,"comment_status":"open","ping_status":"open","sticky":false,"template":"","format":"standard","meta":{"footnotes":""},"categories":[2,18],"tags":[],"class_list":["post-2926","post","type-post","status-publish","format-standard","has-post-thumbnail","hentry","category-artes-escenicas","category-lomasrelevante","entry"],"_links":{"self":[{"href":"https:\/\/lavereda.com.mx\/index.php\/wp-json\/wp\/v2\/posts\/2926","targetHints":{"allow":["GET"]}}],"collection":[{"href":"https:\/\/lavereda.com.mx\/index.php\/wp-json\/wp\/v2\/posts"}],"about":[{"href":"https:\/\/lavereda.com.mx\/index.php\/wp-json\/wp\/v2\/types\/post"}],"author":[{"embeddable":true,"href":"https:\/\/lavereda.com.mx\/index.php\/wp-json\/wp\/v2\/users\/9"}],"replies":[{"embeddable":true,"href":"https:\/\/lavereda.com.mx\/index.php\/wp-json\/wp\/v2\/comments?post=2926"}],"version-history":[{"count":1,"href":"https:\/\/lavereda.com.mx\/index.php\/wp-json\/wp\/v2\/posts\/2926\/revisions"}],"predecessor-version":[{"id":2927,"href":"https:\/\/lavereda.com.mx\/index.php\/wp-json\/wp\/v2\/posts\/2926\/revisions\/2927"}],"wp:featuredmedia":[{"embeddable":true,"href":"https:\/\/lavereda.com.mx\/index.php\/wp-json\/wp\/v2\/media\/1985"}],"wp:attachment":[{"href":"https:\/\/lavereda.com.mx\/index.php\/wp-json\/wp\/v2\/media?parent=2926"}],"wp:term":[{"taxonomy":"category","embeddable":true,"href":"https:\/\/lavereda.com.mx\/index.php\/wp-json\/wp\/v2\/categories?post=2926"},{"taxonomy":"post_tag","embeddable":true,"href":"https:\/\/lavereda.com.mx\/index.php\/wp-json\/wp\/v2\/tags?post=2926"}],"curies":[{"name":"wp","href":"https:\/\/api.w.org\/{rel}","templated":true}]}}