{"id":2923,"date":"2021-12-14T03:41:57","date_gmt":"2021-12-14T03:41:57","guid":{"rendered":"http:\/\/lavereda.com.mx\/?p=2923"},"modified":"2021-12-14T03:41:58","modified_gmt":"2021-12-14T03:41:58","slug":"encanto-2021","status":"publish","type":"post","link":"https:\/\/lavereda.com.mx\/index.php\/2021\/12\/14\/encanto-2021\/","title":{"rendered":"Encanto (2021)"},"content":{"rendered":"\n<p>Ser especial, por ser el \u00fanico miembro que no lo es, dentro de una familia donde todos lo son. Esta es la premisa desde donde parte la sexag\u00e9sima pel\u00edcula de los estudios Disney, Encanto, de los directores Byron Howard, Jared Bush, y Charise Castro Smith, misma que hace honor a su t\u00edtulo.&nbsp;<\/p>\n\n\n\n<p>Teniendo como fondo la cultura colombiana, la pel\u00edcula nos narra la historia de la familia Madrigal, un peculiar grupo de personajes poseedores de dones m\u00e1gicos, que han utilizado por varias generaciones para ayudar al peque\u00f1o poblado donde habitan, el Encanto. En el centro de este grupo, se encuentran dos personajes: el primero, la casa misma donde la familia vive y que est\u00e1 dotada de vida propia; el segundo, la protagonista, Mirabel, \u00fanico miembro que, por alg\u00fan motivo desconocido, no logr\u00f3 desarrollar ning\u00fan tipo de habilidad sobrehumana. A pesar de esto, la joven no ha permitido que su diferencia la amedrente, ya que muestra una actitud positiva y amorosa para con el resto de su familia y el pueblo en general. Cuando la historia comienza, la familia est\u00e1 prepar\u00e1ndose para el evento m\u00e1s importante dentro de la comunidad, la revelaci\u00f3n del don para el miembro m\u00e1s joven de su estirpe. Al haber sido Mirabel la ultima en intentarlo, con el resultado negativo obtenido, por m\u00e1s que tratan de mantener una actitud positiva, es notorio que un aire de nerviosismo se respira en el ambiente, mismo que se disipa cuando el ritual de anunciaci\u00f3n resulta positivo y el Madrigal m\u00e1s joven resulta ser tan especial como el resto.&nbsp;<\/p>\n\n\n\n<p>Todo es armon\u00eda, felicidad y fiesta, aunque con una notoriamente segregada Mirabel que por vez primera se siente ajena a su familia. Como toda trama necesita un punto de giro que la vuelva interesante, es en medio de estas festividades cuando la protagonista comienza a percibir una serie de premoniciones que le muestran un aparente peligro que puede terminar con las bendiciones con las que cuenta su familia. A partir de esto, se hacen evidentes los secretos que se han ocultado a los m\u00e1s j\u00f3venes por parte de las generaciones mayores, las inseguridades y presiones que aquejan a los, en apariencia estables y felices miembros de la familia, y que no todo es lo que aparenta. Como buena pel\u00edcula de superaci\u00f3n, nuestra protagonista resulta ser parte primordial de las im\u00e1genes que aquejar\u00e1n el futuro de todos, as\u00ed como la respuesta para las mismas, por lo que inicia un viaje de descubrimiento personal y familiar, desenterrando recuerdos que su abuela, la matriarca, ha intentado mantener barridos bajo la alfombra.<\/p>\n\n\n\n<p>Iniciar\u00e9 esta ocasi\u00f3n hablando sobre la historia misma, el gui\u00f3n construido para narrarnos esta m\u00e1gica aventura, ya que considero que es el punto menos logrado de la pel\u00edcula. Con esto no quiero decir que el mismo sea malo, ya que cuenta con todo lo necesario para volver entretenida y entra\u00f1able la historia, simplemente en esta ocasi\u00f3n no me parece tan logrado. Como en los \u00faltimos trabajos del estudio, separados de Pixar, se ha optado por desarrollar una protagonista que est\u00e1 en busca de su identidad y realizaci\u00f3n, sin buscar el amor rom\u00e1ntico, tal cual nos mostraron ya en Frozen y Moana, por lo que la formula es muy parecida, pero eso no supone un problema como tal. Lo que podr\u00eda resultar negativo, son ciertas inconsistencias u hoyos en el gui\u00f3n que, es evidente, no intentan aclarar en ning\u00fan momento. En la historia se nos indica que debido al desplazamiento que se dio en Colombia, la abuela de la familia tiene que huir para sobrevivir, lo que desencadena todo, hasta el punto en que, en el momento de una perdida devastadora para ella, se le muestra la magia que le permiti\u00f3 sobrevivir y le brind\u00f3 las bendiciones a ella y generaciones venideras. La cuesti\u00f3n es que nunca se nos explica el origen de dicha magia, la misma s\u00f3lo aparece, sin hablarnos en ning\u00fan momento de alguna tradici\u00f3n, creencia o raz\u00f3n por la cual se les ha dado. Ellos aceptan las cosas como son, sin preguntarse de donde proviene la fuente de esta, de la misma manera que realizan un ritual muy elaborado, sin explicarnos c\u00f3mo es que aprendieron a realizarlo, la edad en que debe ser llevado a cabo y la manera de hacerlo. Lo hacen y ya.&nbsp;<\/p>\n\n\n\n<p>El tratarse de una pel\u00edcula familiar, animada y musical, con una protagonista absoluta, el desarrollo del resto de los personajes es casi nulo, dejando las personalidades m\u00e1s logradas para esta, as\u00ed como para la abuela, que funge como contraparte en esa comparaci\u00f3n de generaciones que la pel\u00edcula intenta, y tal vez para el t\u00edo Bruno (del que nadie puede hablar), aunque su participaci\u00f3n es tan peque\u00f1a que no termina por lograrse. El resto s\u00f3lo est\u00e1 ah\u00ed para bailar y cantar alrededor de Mirabel o para que esta los ayude en ciertos momentos dentro de su b\u00fasqueda de la verdad.&nbsp;<\/p>\n\n\n\n<p>Pero, por las mismas razones animadas y musicales, esta es una producci\u00f3n dirigida al mercado infantil, que por lo general tienden a no reparar en este tipo de cuestiones, por lo que hablar\u00e9 de estos dos puntos, que tienden a ser los que atraer al p\u00fablico a este tipo de producciones. Ambos aspectos extremadamente logrados, porque esto es Disney y si hay algo en lo que es estudio es rey, es en este apartado.<\/p>\n\n\n\n<p>Primero, la m\u00fasica, la cual qued\u00f3 a cargo de Germaine Franco (encargada de la banda sonora de Coco) para las partituras que acompa\u00f1an a la trama, con una realizaci\u00f3n que logra captar a la perfecci\u00f3n el esp\u00edritu colombiano, mientras enaltece las emociones que viven los personajes en sus diferentes problem\u00e1ticas y estados de \u00e1nimo; pero sobre todo, porque \u00bfque ser\u00eda una pel\u00edcula de Disney sin ellas?, las canciones, que nuevamente son escritas por Lin-Manuel Miranda, repitiendo con el estudio despu\u00e9s de haber realizado el exitoso soundtrack de Moana. En esta ocasi\u00f3n, se encarg\u00f3 de escribir ocho canciones especialmente para la pel\u00edcula, las cuales fueron creadas en espa\u00f1ol, siendo algunas de ellas traducidas para su versi\u00f3n anglosajona.&nbsp;&nbsp;El artista crea una amalgama de ritmos latinos pertenecientes a la zona que, si bien no te dejan indiferente, ya que te contagian el sentimiento que buscan transmitir, no logra que al terminar la funci\u00f3n alguna se haya quedado pegada en tu cabeza, pues no son tan memorables como otras de pel\u00edculas previas (Let It Go, por ejemplo), pero incluso con esto, el trabajo del autor es maravilloso.<\/p>\n\n\n\n<blockquote class=\"wp-block-quote is-layout-flow wp-block-quote-is-layout-flow\"><p>De la animaci\u00f3n no hay mucho m\u00e1s que decir, salvo que Disney se supera con cada una de sus producciones. Nunca el movimiento del cabello o una falda hab\u00edan lucido tan realistas y naturales como en esta ocasi\u00f3n. Los colores, las formas, luces, sombras, efectos y, sobre todo, esa casa que se vuelve por momentos el personaje m\u00e1s importante de la historia nos impresiona con los avances dentro del campo t\u00e9cnico de la animaci\u00f3n por computadora. La magia se transmite en cada pixel utilizado para la realizaci\u00f3n de la cinta, logrando momentos de belleza absoluta que deslumbran.<\/p><\/blockquote>\n\n\n\n<p>Encanto es la pel\u00edcula animada del a\u00f1o (tal vez s\u00f3lo compitiendo con The Mitchells vs. The Machines), una historia llena de magia dirigida a todos aquellos que en alg\u00fan momento nos hemos sentido ajenos al mundo que nos rodea. Los valores familiares, el miedo a la perdida, a lo desconocido, la b\u00fasqueda de tu lugar en el mundo, el papel que debes realizar, el ser diferente. Una cinta cargada de emociones que disfrutamos sin importar la edad, que nos hace re\u00edr, toca fibras y te hace pasar hora y media de felicidad pura, sumergido en ese universo de realismo m\u00e1gico que nos regalaron en esta ocasi\u00f3n. Definitivamente una pel\u00edcula que se debe ver, sobre todo si buscas un plan familiar dentro de la cartelera.<\/p>\n","protected":false},"excerpt":{"rendered":"<p>Ser especial, por ser el \u00fanico miembro que no lo es, dentro de una familia donde todos lo son. Esta es la premisa desde donde parte la sexag\u00e9sima pel\u00edcula de &hellip; <a href=\"https:\/\/lavereda.com.mx\/index.php\/2021\/12\/14\/encanto-2021\/\" class=\"more-link\">Leer m\u00e1s<\/a><\/p>\n","protected":false},"author":13,"featured_media":2924,"comment_status":"open","ping_status":"open","sticky":false,"template":"","format":"standard","meta":{"footnotes":""},"categories":[6,18],"tags":[],"class_list":["post-2923","post","type-post","status-publish","format-standard","has-post-thumbnail","hentry","category-cinetv","category-lomasrelevante","entry"],"_links":{"self":[{"href":"https:\/\/lavereda.com.mx\/index.php\/wp-json\/wp\/v2\/posts\/2923","targetHints":{"allow":["GET"]}}],"collection":[{"href":"https:\/\/lavereda.com.mx\/index.php\/wp-json\/wp\/v2\/posts"}],"about":[{"href":"https:\/\/lavereda.com.mx\/index.php\/wp-json\/wp\/v2\/types\/post"}],"author":[{"embeddable":true,"href":"https:\/\/lavereda.com.mx\/index.php\/wp-json\/wp\/v2\/users\/13"}],"replies":[{"embeddable":true,"href":"https:\/\/lavereda.com.mx\/index.php\/wp-json\/wp\/v2\/comments?post=2923"}],"version-history":[{"count":1,"href":"https:\/\/lavereda.com.mx\/index.php\/wp-json\/wp\/v2\/posts\/2923\/revisions"}],"predecessor-version":[{"id":2925,"href":"https:\/\/lavereda.com.mx\/index.php\/wp-json\/wp\/v2\/posts\/2923\/revisions\/2925"}],"wp:featuredmedia":[{"embeddable":true,"href":"https:\/\/lavereda.com.mx\/index.php\/wp-json\/wp\/v2\/media\/2924"}],"wp:attachment":[{"href":"https:\/\/lavereda.com.mx\/index.php\/wp-json\/wp\/v2\/media?parent=2923"}],"wp:term":[{"taxonomy":"category","embeddable":true,"href":"https:\/\/lavereda.com.mx\/index.php\/wp-json\/wp\/v2\/categories?post=2923"},{"taxonomy":"post_tag","embeddable":true,"href":"https:\/\/lavereda.com.mx\/index.php\/wp-json\/wp\/v2\/tags?post=2923"}],"curies":[{"name":"wp","href":"https:\/\/api.w.org\/{rel}","templated":true}]}}