{"id":2911,"date":"2021-12-10T18:16:41","date_gmt":"2021-12-10T18:16:41","guid":{"rendered":"http:\/\/lavereda.com.mx\/?p=2911"},"modified":"2021-12-10T18:16:43","modified_gmt":"2021-12-10T18:16:43","slug":"escenica-fantoche-presenta-obra-para-publico-infantil","status":"publish","type":"post","link":"https:\/\/lavereda.com.mx\/index.php\/2021\/12\/10\/escenica-fantoche-presenta-obra-para-publico-infantil\/","title":{"rendered":"Esc\u00e9nica Fantoche presenta obra para p\u00fablico infantil"},"content":{"rendered":"\n<p>Los domingos de diciembre a las 6:30 de la tarde en Plan B  Estudio Teatro (Gonz\u00e1lez Ortega n\u00famero 40) se presenta la obra de teatro \u00abCr\u00f6\u00bb de la compa\u00f1\u00eda Esc\u00e9nica Fantoche. Esta obra est\u00e1 dirigida a toda la familia con \u00e9nfasis en las infancias, \u00aby es de alguna forma un obsequio navide\u00f1o de los fantoches para las familias laguneras\u00bb, coment\u00f3 el director El\u00edas Garc\u00eda.<\/p>\n\n\n\n<p>\u00abGracias al apoyo de los patrocinadores el acceso se dar\u00e1 por cooperaci\u00f3n voluntaria bajo la idea de que el acceso al arte y la cultura es un derecho humano\u00bb, agreg\u00f3.<\/p>\n\n\n\n<p>Se\u00f1al\u00f3 que la obra nos plantea la historia de un chanate que se cree cuervo y se comporta como pavo real que un d\u00eda cruza camino con un mago granuja de nombre Saltimbaras. La historia nos plantea la reflexi\u00f3n sobre valores como la amistad, la solidaridad y la resiliencia.<\/p>\n\n\n\n<p>\u00abEsta historia es una creaci\u00f3n original y surgi\u00f3 cuando la hija de uno de los integrantes de la compa\u00f1\u00eda le pidi\u00f3 a este que le contara un cuento inventado para antes de dormir resultando en una historia qu\u00e9 bien val\u00eda la pena compartir con m\u00e1s ni\u00f1os\u00bb.<\/p>\n\n\n\n<p>Desde la fundaci\u00f3n de la compa\u00f1\u00eda en 2018 esc\u00e9nica fantoche ha tenido dos l\u00edneas de trabajo el cabaret con humor cr\u00edtico para adultos y el trabajo dirigido a la infancia siendo est\u00e1 la segunda obra de formato mediano original qu\u00e9 se monta.<\/p>\n\n\n\n<p>En Cr\u00f6 el p\u00fablico podr\u00e1 disfrutar de un montaje c\u00f3mico sentimental en el que se combinan el manejo de marionetas y ell clown.<\/p>\n\n\n\n<p>Para m\u00e1s informaci\u00f3n se invita al p\u00fablico a acceder a las redes sociales de xenical fantoche en Instagram y Facebook.<\/p>\n","protected":false},"excerpt":{"rendered":"<p>Los domingos de diciembre a las 6:30 de la tarde en Plan B Estudio Teatro (Gonz\u00e1lez Ortega n\u00famero 40) se presenta la obra de teatro \u00abCr\u00f6\u00bb de la compa\u00f1\u00eda Esc\u00e9nica &hellip; <a href=\"https:\/\/lavereda.com.mx\/index.php\/2021\/12\/10\/escenica-fantoche-presenta-obra-para-publico-infantil\/\" class=\"more-link\">Leer m\u00e1s<\/a><\/p>\n","protected":false},"author":1,"featured_media":2912,"comment_status":"open","ping_status":"open","sticky":false,"template":"","format":"standard","meta":{"footnotes":""},"categories":[2,10],"tags":[],"class_list":["post-2911","post","type-post","status-publish","format-standard","has-post-thumbnail","hentry","category-artes-escenicas","category-la-vereda-infantil","entry"],"_links":{"self":[{"href":"https:\/\/lavereda.com.mx\/index.php\/wp-json\/wp\/v2\/posts\/2911","targetHints":{"allow":["GET"]}}],"collection":[{"href":"https:\/\/lavereda.com.mx\/index.php\/wp-json\/wp\/v2\/posts"}],"about":[{"href":"https:\/\/lavereda.com.mx\/index.php\/wp-json\/wp\/v2\/types\/post"}],"author":[{"embeddable":true,"href":"https:\/\/lavereda.com.mx\/index.php\/wp-json\/wp\/v2\/users\/1"}],"replies":[{"embeddable":true,"href":"https:\/\/lavereda.com.mx\/index.php\/wp-json\/wp\/v2\/comments?post=2911"}],"version-history":[{"count":1,"href":"https:\/\/lavereda.com.mx\/index.php\/wp-json\/wp\/v2\/posts\/2911\/revisions"}],"predecessor-version":[{"id":2913,"href":"https:\/\/lavereda.com.mx\/index.php\/wp-json\/wp\/v2\/posts\/2911\/revisions\/2913"}],"wp:featuredmedia":[{"embeddable":true,"href":"https:\/\/lavereda.com.mx\/index.php\/wp-json\/wp\/v2\/media\/2912"}],"wp:attachment":[{"href":"https:\/\/lavereda.com.mx\/index.php\/wp-json\/wp\/v2\/media?parent=2911"}],"wp:term":[{"taxonomy":"category","embeddable":true,"href":"https:\/\/lavereda.com.mx\/index.php\/wp-json\/wp\/v2\/categories?post=2911"},{"taxonomy":"post_tag","embeddable":true,"href":"https:\/\/lavereda.com.mx\/index.php\/wp-json\/wp\/v2\/tags?post=2911"}],"curies":[{"name":"wp","href":"https:\/\/api.w.org\/{rel}","templated":true}]}}