{"id":2908,"date":"2021-12-10T17:36:31","date_gmt":"2021-12-10T17:36:31","guid":{"rendered":"http:\/\/lavereda.com.mx\/?p=2908"},"modified":"2021-12-10T17:36:33","modified_gmt":"2021-12-10T17:36:33","slug":"me-gusta-pero-me-asusta","status":"publish","type":"post","link":"https:\/\/lavereda.com.mx\/index.php\/2021\/12\/10\/me-gusta-pero-me-asusta\/","title":{"rendered":"Me Gusta, pero Me Asusta"},"content":{"rendered":"\n<p><strong>Me Gusta, pero Me Asusta, 2017<\/strong><\/p>\n\n\n\n<p><strong>Cinepolis kilc<\/strong><\/p>\n\n\n\n<p>A veces las f\u00f3rmulas tambi\u00e9n son divertidas.<\/p>\n\n\n\n<p>Brayan (Alejandro Speitzer) es la nueva generaci\u00f3n de una familia muy poderosa y temible de Sinaloa. La organizaci\u00f3n caricaturizada de El Padrino es representada por el infalible Joaqu\u00edn Cos\u00edo, que puede hacer cualquier papel, particularmente de malo, por su estatura, su peso y su aspecto fiero. Y esos papeles le dan.<\/p>\n\n\n\n<p>Pero la familia adinerada quiere que el muchacho sea diferente y que se vaya a conquistar a la gran ciudad y se interese en el negocio secreto que le ha dado prosperidad a la familia. De esta forma, en medio de trompicones, se instala en un caser\u00f3n y conoce a Claudia (Minnie West), una chica que busca cambiar su vida y que se encuentra con el muchacho. Los dos reciben instant\u00e1neamente el flechazo.<\/p>\n\n\n\n<p>La comedia de enredos funciona debido a que los t\u00f3rtolos vienen de universos apartados y se comportan de una forma extremadamente torpe, tratando de entenderse.<\/p>\n\n\n\n<p>La gracia mayor de la pel\u00edcula es ver a todos los matones que protegen al chico tratando de comportarse con cortes\u00eda, lo que les resulta fatal. Y aunque se le demanda rudeza al muchacho resulta que es franco, amable y no se le da eso de andar intimidando con el aspecto.<\/p>\n\n\n\n<p>Aunque es una cinta olvidable, provoca un buen momento de diversi\u00f3n.<\/p>\n\n\n\n<p>(PG-13. Orientaci\u00f3n de los padres a menores de 13 a\u00f1os)<\/p>\n\n\n\n<p>@LucianoCamposG<\/p>\n","protected":false},"excerpt":{"rendered":"<p>Me Gusta, pero Me Asusta, 2017 Cinepolis kilc A veces las f\u00f3rmulas tambi\u00e9n son divertidas. Brayan (Alejandro Speitzer) es la nueva generaci\u00f3n de una familia muy poderosa y temible de &hellip; <a href=\"https:\/\/lavereda.com.mx\/index.php\/2021\/12\/10\/me-gusta-pero-me-asusta\/\" class=\"more-link\">Leer m\u00e1s<\/a><\/p>\n","protected":false},"author":3,"featured_media":2909,"comment_status":"open","ping_status":"open","sticky":false,"template":"","format":"standard","meta":{"footnotes":""},"categories":[6],"tags":[],"class_list":["post-2908","post","type-post","status-publish","format-standard","has-post-thumbnail","hentry","category-cinetv","entry"],"_links":{"self":[{"href":"https:\/\/lavereda.com.mx\/index.php\/wp-json\/wp\/v2\/posts\/2908","targetHints":{"allow":["GET"]}}],"collection":[{"href":"https:\/\/lavereda.com.mx\/index.php\/wp-json\/wp\/v2\/posts"}],"about":[{"href":"https:\/\/lavereda.com.mx\/index.php\/wp-json\/wp\/v2\/types\/post"}],"author":[{"embeddable":true,"href":"https:\/\/lavereda.com.mx\/index.php\/wp-json\/wp\/v2\/users\/3"}],"replies":[{"embeddable":true,"href":"https:\/\/lavereda.com.mx\/index.php\/wp-json\/wp\/v2\/comments?post=2908"}],"version-history":[{"count":1,"href":"https:\/\/lavereda.com.mx\/index.php\/wp-json\/wp\/v2\/posts\/2908\/revisions"}],"predecessor-version":[{"id":2910,"href":"https:\/\/lavereda.com.mx\/index.php\/wp-json\/wp\/v2\/posts\/2908\/revisions\/2910"}],"wp:featuredmedia":[{"embeddable":true,"href":"https:\/\/lavereda.com.mx\/index.php\/wp-json\/wp\/v2\/media\/2909"}],"wp:attachment":[{"href":"https:\/\/lavereda.com.mx\/index.php\/wp-json\/wp\/v2\/media?parent=2908"}],"wp:term":[{"taxonomy":"category","embeddable":true,"href":"https:\/\/lavereda.com.mx\/index.php\/wp-json\/wp\/v2\/categories?post=2908"},{"taxonomy":"post_tag","embeddable":true,"href":"https:\/\/lavereda.com.mx\/index.php\/wp-json\/wp\/v2\/tags?post=2908"}],"curies":[{"name":"wp","href":"https:\/\/api.w.org\/{rel}","templated":true}]}}