{"id":2905,"date":"2021-12-10T00:49:07","date_gmt":"2021-12-10T00:49:07","guid":{"rendered":"http:\/\/lavereda.com.mx\/?p=2905"},"modified":"2021-12-10T00:49:09","modified_gmt":"2021-12-10T00:49:09","slug":"regresa-a-torreon-cantos-para-hermanar-al-mundo","status":"publish","type":"post","link":"https:\/\/lavereda.com.mx\/index.php\/2021\/12\/10\/regresa-a-torreon-cantos-para-hermanar-al-mundo\/","title":{"rendered":"Regresa a Torre\u00f3n \u00abCantos para hermanar al mundo\u00bb"},"content":{"rendered":"\n<p>Un encuentro de canto, con m\u00fasica popular y arias de \u00f3pera, se presenta este viernes 10 de diciembre en punto de las 20:00 horas. El Concierto de Gala \u201cCantos para Hermanar al Mundo \u201821\u201d se realizar\u00e1 en el Teatro Isauro Mart\u00ednez y es impulsado por la mezzo soprano torreonense y fundadora, Paulina Villarreal Flores.<\/p>\n\n\n\n<p>La cantante explic\u00f3 que, con el fin de seguir llevando a la Comarca Lagunera, espect\u00e1culos internacionales de arte y cultura de gran calidad, este evento ofrecer\u00e1 voces de gran reconocimiento, que interpretar\u00e1n piezas de \u00f3pera, teatro musical, bolero y canciones navide\u00f1as.<\/p>\n\n\n\n<p>\u201cTendremos piezas tan reconocidas como Carmen, Jesucristo S\u00faper Estrella,&nbsp; Cinema Paradiso, Bohemian Rhapsody; y mexicanas como Noche de Ronda y otras tantas que engalanar\u00e1n la velada\u201d, afirm\u00f3.<\/p>\n\n\n\n<p>En este Concierto de Gala llamado \u201cHeal the World\u201d, los artistas y pa\u00edses invitados son los siguientes:Summer Hassan- Egipto\/EUA, \u00a0Lisa Algozzini- Italia\/EUA, \u00a0Paulina Villarreal-Torre\u00f3n, Coahuila, M\u00e9xico,\u00a0\u00a0Cody Bowers- Georgia, EUA,\u00a0Justin John Moniz- Nueva York, EUA, \u00a0Sola Fadir\u00e1n- Nigeria\/EUA,\u00a0Christopher Besh- Minessota, EUA,\u00a0\u00a0Philip Kadet- Nueva York, EUA.<\/p>\n\n\n\n<p>Los invitados especiales son:\u00a0\u00a0\u00a0Natalia Riazanova-Viol\u00edn y\u00a0Juan Barrios- Saxof\u00f3n<\/p>\n\n\n\n<blockquote class=\"wp-block-quote is-layout-flow wp-block-quote-is-layout-flow\"><p>\u201cNuestros artistas invitados ya se encuentran en tierras laguneras y han visitado lugares emblem\u00e1ticos de la Comarca como el Cristo de las Noas, el Telef\u00e9rico y Puerto Noas. Adem\u00e1s, est\u00e1n encantados con la gastronom\u00eda local\u201d.<\/p><\/blockquote>\n\n\n\n<p>Villarreal Flores, invit\u00f3 a la ciudadan\u00eda que a\u00fan no adquiere sus boletos, a que acudan a las taquillas del Teatro Isauro Mart\u00ednez. \u201cYa son pocas las localidades disponibles, pero seguimos con costos como $350.00 pesos en la Planta Baja y en Mezzanine y $250.00 en la Galer\u00eda\u201d<\/p>\n","protected":false},"excerpt":{"rendered":"<p>Un encuentro de canto, con m\u00fasica popular y arias de \u00f3pera, se presenta este viernes 10 de diciembre en punto de las 20:00 horas. El Concierto de Gala \u201cCantos para &hellip; <a href=\"https:\/\/lavereda.com.mx\/index.php\/2021\/12\/10\/regresa-a-torreon-cantos-para-hermanar-al-mundo\/\" class=\"more-link\">Leer m\u00e1s<\/a><\/p>\n","protected":false},"author":1,"featured_media":2906,"comment_status":"open","ping_status":"open","sticky":false,"template":"","format":"standard","meta":{"footnotes":""},"categories":[18,4],"tags":[],"class_list":["post-2905","post","type-post","status-publish","format-standard","has-post-thumbnail","hentry","category-lomasrelevante","category-musica","entry"],"_links":{"self":[{"href":"https:\/\/lavereda.com.mx\/index.php\/wp-json\/wp\/v2\/posts\/2905","targetHints":{"allow":["GET"]}}],"collection":[{"href":"https:\/\/lavereda.com.mx\/index.php\/wp-json\/wp\/v2\/posts"}],"about":[{"href":"https:\/\/lavereda.com.mx\/index.php\/wp-json\/wp\/v2\/types\/post"}],"author":[{"embeddable":true,"href":"https:\/\/lavereda.com.mx\/index.php\/wp-json\/wp\/v2\/users\/1"}],"replies":[{"embeddable":true,"href":"https:\/\/lavereda.com.mx\/index.php\/wp-json\/wp\/v2\/comments?post=2905"}],"version-history":[{"count":1,"href":"https:\/\/lavereda.com.mx\/index.php\/wp-json\/wp\/v2\/posts\/2905\/revisions"}],"predecessor-version":[{"id":2907,"href":"https:\/\/lavereda.com.mx\/index.php\/wp-json\/wp\/v2\/posts\/2905\/revisions\/2907"}],"wp:featuredmedia":[{"embeddable":true,"href":"https:\/\/lavereda.com.mx\/index.php\/wp-json\/wp\/v2\/media\/2906"}],"wp:attachment":[{"href":"https:\/\/lavereda.com.mx\/index.php\/wp-json\/wp\/v2\/media?parent=2905"}],"wp:term":[{"taxonomy":"category","embeddable":true,"href":"https:\/\/lavereda.com.mx\/index.php\/wp-json\/wp\/v2\/categories?post=2905"},{"taxonomy":"post_tag","embeddable":true,"href":"https:\/\/lavereda.com.mx\/index.php\/wp-json\/wp\/v2\/tags?post=2905"}],"curies":[{"name":"wp","href":"https:\/\/api.w.org\/{rel}","templated":true}]}}