{"id":2898,"date":"2021-12-09T13:53:34","date_gmt":"2021-12-09T13:53:34","guid":{"rendered":"http:\/\/lavereda.com.mx\/?p=2898"},"modified":"2021-12-09T19:32:04","modified_gmt":"2021-12-09T19:32:04","slug":"camerata-de-coahuila-despide-gloriosa-temporada","status":"publish","type":"post","link":"https:\/\/lavereda.com.mx\/index.php\/2021\/12\/09\/camerata-de-coahuila-despide-gloriosa-temporada\/","title":{"rendered":"Camerata de Coahuila despide \u00abgloriosa\u00bb temporada"},"content":{"rendered":"\n<p>El \u00faltimo concierto de temporada Oto\u00f1o Invierno 2021 se realizar\u00e1 este pr\u00f3ximo viernes 10 de diciembre en la Catedral de Nuestra Se\u00f1ora del Carmen, en Torre\u00f3n, Coahuila. Este concierto contar\u00e1 con la participaci\u00f3n como solistas de Luz Alicia \u00c1vila y Melissa Reuter y el Coro Instituto de M\u00fasica de Coahuila. La cita es este viernes 10 de diciembre en punto de las 20:30 horas.<\/p>\n\n\n\n<p>Esta presentaci\u00f3n se ha titulado \u201cConcierto de Adviento Navidad\u201d y se organiza en coordinaci\u00f3n con la Di\u00f3cesis de Torre\u00f3n. Se trata de la obra m\u00e1s conocida y popular de la m\u00fasica sacra de Antonio Vivaldi, Gloria RV589, bajo la direcci\u00f3n del maestro Ram\u00f3n Shade.<\/p>\n\n\n\n<p>La obra principal de este concierto ser\u00e1 &#8216;Gloria&#8217; de Vivaldi, es una obra religiosa, la m\u00e1s conocida de la m\u00fasica sacra del compositor italiano. En los dos siglos posteriores a la muerte de Vivaldi, la existencia de esta hermosa obra fue ignorada, incluso para los eruditos barrocos. Despu\u00e9s de haber permanecido oculta durante mucho tiempo en una pila de manuscritos junto a otras piezas desconocidas, fue descubierta a fines de la d\u00e9cada de 1920 en la Biblioteca Nacional de Tur\u00edn. El Gloria RV589 tuvo su primera presentaci\u00f3n p\u00fablica durante en el oto\u00f1o de 1939, en Siena. <\/p>\n\n\n\n<p>&#8216;Gloria&#8217; contar\u00e1 con la participaci\u00f3n como solistas de la Soprano Luz Alicia \u00c1vila y de la Mezzosoprano Melissa Reuter, acompa\u00f1adas por el Coro Instituto de M\u00fasica de Coahuila.<\/p>\n\n\n\n<p>En cuanto al resto del programa, Mozart termin\u00f3 de escribir la Serenata no. 9 en Re Mayor \u201cPosthorn\u201d, el 3 de agosto de 1779 y aunque se desconoce para qu\u00e9 festividad fue concebida espec\u00edficamente, su estreno tuvo lugar ese mismo a\u00f1o en la Universidad de Salzburgo, posiblemente como \u201cfinalmusik\u201d en alguna de sus ceremonias. La orquestaci\u00f3n de esta Serenata se caracteriza por el tratamiento concertante de los instrumentos de viento, que adem\u00e1s incluye en el segundo tr\u00edo del segundo Menuetto, un instrumento no habitual en la orquesta, el corno de posta, instrumento de viento metal que antiguamente se empleaba para anunciar la llegada del correo en las ciudades y aldeas.<\/p>\n\n\n\n<div class=\"wp-block-image\"><figure class=\"aligncenter size-large is-resized\"><img fetchpriority=\"high\" decoding=\"async\" src=\"https:\/\/lavereda.com.mx\/wp-content\/uploads\/2021\/12\/IMAGEN-CONCIERTO-10DIC-1-662x1024.jpeg\" alt=\"\" class=\"wp-image-2900\" width=\"298\" height=\"460\" srcset=\"https:\/\/lavereda.com.mx\/wp-content\/uploads\/2021\/12\/IMAGEN-CONCIERTO-10DIC-1-662x1024.jpeg 662w, https:\/\/lavereda.com.mx\/wp-content\/uploads\/2021\/12\/IMAGEN-CONCIERTO-10DIC-1-194x300.jpeg 194w, https:\/\/lavereda.com.mx\/wp-content\/uploads\/2021\/12\/IMAGEN-CONCIERTO-10DIC-1-768x1187.jpeg 768w, https:\/\/lavereda.com.mx\/wp-content\/uploads\/2021\/12\/IMAGEN-CONCIERTO-10DIC-1.jpeg 828w\" sizes=\"(max-width: 298px) 100vw, 298px\" \/><\/figure><\/div>\n\n\n\n<p>El acceso al p\u00fablico ser\u00e1 libre, con un aforo limitado a 350 personas, el que se realizar\u00e1 apegado a las normas sanitarias establecidas por nuestras autoridades.<\/p>\n\n\n\n<p><\/p>\n","protected":false},"excerpt":{"rendered":"<p>El \u00faltimo concierto de temporada Oto\u00f1o Invierno 2021 se realizar\u00e1 este pr\u00f3ximo viernes 10 de diciembre en la Catedral de Nuestra Se\u00f1ora del Carmen, en Torre\u00f3n, Coahuila. Este concierto contar\u00e1 &hellip; <a href=\"https:\/\/lavereda.com.mx\/index.php\/2021\/12\/09\/camerata-de-coahuila-despide-gloriosa-temporada\/\" class=\"more-link\">Leer m\u00e1s<\/a><\/p>\n","protected":false},"author":1,"featured_media":2901,"comment_status":"open","ping_status":"open","sticky":false,"template":"","format":"standard","meta":{"footnotes":""},"categories":[18,4],"tags":[],"class_list":["post-2898","post","type-post","status-publish","format-standard","has-post-thumbnail","hentry","category-lomasrelevante","category-musica","entry"],"_links":{"self":[{"href":"https:\/\/lavereda.com.mx\/index.php\/wp-json\/wp\/v2\/posts\/2898","targetHints":{"allow":["GET"]}}],"collection":[{"href":"https:\/\/lavereda.com.mx\/index.php\/wp-json\/wp\/v2\/posts"}],"about":[{"href":"https:\/\/lavereda.com.mx\/index.php\/wp-json\/wp\/v2\/types\/post"}],"author":[{"embeddable":true,"href":"https:\/\/lavereda.com.mx\/index.php\/wp-json\/wp\/v2\/users\/1"}],"replies":[{"embeddable":true,"href":"https:\/\/lavereda.com.mx\/index.php\/wp-json\/wp\/v2\/comments?post=2898"}],"version-history":[{"count":3,"href":"https:\/\/lavereda.com.mx\/index.php\/wp-json\/wp\/v2\/posts\/2898\/revisions"}],"predecessor-version":[{"id":2904,"href":"https:\/\/lavereda.com.mx\/index.php\/wp-json\/wp\/v2\/posts\/2898\/revisions\/2904"}],"wp:featuredmedia":[{"embeddable":true,"href":"https:\/\/lavereda.com.mx\/index.php\/wp-json\/wp\/v2\/media\/2901"}],"wp:attachment":[{"href":"https:\/\/lavereda.com.mx\/index.php\/wp-json\/wp\/v2\/media?parent=2898"}],"wp:term":[{"taxonomy":"category","embeddable":true,"href":"https:\/\/lavereda.com.mx\/index.php\/wp-json\/wp\/v2\/categories?post=2898"},{"taxonomy":"post_tag","embeddable":true,"href":"https:\/\/lavereda.com.mx\/index.php\/wp-json\/wp\/v2\/tags?post=2898"}],"curies":[{"name":"wp","href":"https:\/\/api.w.org\/{rel}","templated":true}]}}